{"id":7112,"date":"2026-09-02T14:46:40","date_gmt":"2026-09-02T12:46:40","guid":{"rendered":"https:\/\/www.swiss-baseball.ch\/?p=7112"},"modified":"2026-09-02T14:49:19","modified_gmt":"2026-09-02T12:49:19","slug":"nous-recherchons","status":"publish","type":"post","link":"https:\/\/www.swiss-baseball.ch\/fr\/news\/nous-recherchons\/","title":{"rendered":"Nous recherchons"},"content":{"rendered":"<p><strong>Responsable \u00c9thique<\/strong><\/p>\n<p class=\"isSelectedEnd\"><strong>Notre actuelle Responsable \u00c9thique, Dagmar Voith Leemann, a annonc\u00e9 lors de l\u2019Assembl\u00e9e g\u00e9n\u00e9rale du 20 f\u00e9vrier 2027 sa d\u00e9mission du Comit\u00e9 central. Nous sommes donc \u00e0 la recherche d\u2019une nouvelle personne pour assumer la fonction de Responsable \u00c9thique.<\/strong><\/p>\n<p class=\"isSelectedEnd\">Nous remercions d\u2019ores et d\u00e9j\u00e0 chaleureusement Dagmar pour son engagement et pour son pr\u00e9cieux travail en faveur de l\u2019\u00e9thique et de l\u2019int\u00e9grit\u00e9 au sein de la SBSF.<\/p>\n<p class=\"isSelectedEnd\">Afin de continuer \u00e0 renforcer une culture fond\u00e9e sur le <strong>respect, l\u2019int\u00e9grit\u00e9 et l\u2019\u00e9quit\u00e9<\/strong>, nous recherchons une personne engag\u00e9e pour rejoindre notre f\u00e9d\u00e9ration en tant que :<\/p>\n<h3><strong>RESPONSABLE \u00c9THIQUE<\/strong><\/h3>\n<p class=\"isSelectedEnd\"><strong>Votre mission<\/strong><\/p>\n<p class=\"isSelectedEnd\">En tant que Responsable \u00c9thique, vous contribuez \u00e0 garantir un <strong>environnement respectueux, \u00e9quitable et s\u00fbr<\/strong> au sein de la SBSF. Vous \u00eates la personne de r\u00e9f\u00e9rence pour les questions li\u00e9es \u00e0 l\u2019\u00e9thique et \u00e0 l\u2019int\u00e9grit\u00e9 et contribuez activement \u00e0 la promotion et au respect du code de conduite de la SBSF.<\/p>\n<p class=\"isSelectedEnd\"><strong>Vos principales responsabilit\u00e9s<\/strong><\/p>\n<ul data-spread=\"false\">\n<li>\u00catre la personne de contact pour les questions et pr\u00e9occupations li\u00e9es \u00e0 l\u2019\u00e9thique au sein de la SBSF<\/li>\n<li>Recevoir et traiter de mani\u00e8re confidentielle les signalements concernant d\u2019\u00e9ventuelles violations<\/li>\n<li>Accompagner les d\u00e9marches d\u2019\u00e9claircissement en cas de violations pr\u00e9sum\u00e9es du code de conduite<\/li>\n<li>Sensibiliser les joueuses et joueurs, entra\u00eeneuses et entra\u00eeneurs, dirigeantes et dirigeants ainsi que les autres personnes au sein de la f\u00e9d\u00e9ration<\/li>\n<li>Promouvoir la pr\u00e9vention et contribuer \u00e0 une culture positive au sein de la f\u00e9d\u00e9ration<\/li>\n<li>Participer aux s\u00e9ances du Comit\u00e9 central et collaborer avec les commissions comp\u00e9tentes<\/li>\n<li>Suivre et mettre en \u0153uvre les directives de <strong>Swiss Olympic<\/strong>, de la <strong>WBSC<\/strong> et de <strong>WBSC Europe<\/strong><\/li>\n<li>Pr\u00e9senter chaque ann\u00e9e au Comit\u00e9 central un rapport sur les activit\u00e9s et les d\u00e9veloppements g\u00e9n\u00e9raux, sans divulguer de donn\u00e9es personnelles confidentielles<\/li>\n<\/ul>\n<p class=\"isSelectedEnd\"><strong>Votre profil<\/strong><\/p>\n<p class=\"isSelectedEnd\">Vous \u00eates une personne qui :<\/p>\n<ul data-spread=\"false\">\n<li>agit de mani\u00e8re ind\u00e9pendante et int\u00e8gre<\/li>\n<li>est fiable et discr\u00e8te<\/li>\n<li>dispose de bonnes comp\u00e9tences en communication et en r\u00e9solution de conflits<\/li>\n<li>est capable d\u2019\u00e9valuer les situations de mani\u00e8re neutre et objective<\/li>\n<li>dispose de connaissances du sport suisse et, id\u00e9alement, des structures de Swiss Olympic<\/li>\n<li>est pr\u00eate \u00e0 suivre des formations continues dans le domaine de l\u2019\u00e9thique et de l\u2019int\u00e9grit\u00e9<\/li>\n<\/ul>\n<p class=\"isSelectedEnd\"><strong>Nos principes<\/strong><\/p>\n<p class=\"isSelectedEnd\">La ou le Responsable \u00c9thique exerce sa fonction de mani\u00e8re <strong>ind\u00e9pendante, neutre et confidentielle, sans pr\u00e9juger de la situation<\/strong>.<\/p>\n<p class=\"isSelectedEnd\">La fonction ne remplace ni une commission disciplinaire formelle ni un conseil juridique. En cas de situation grave, les instances comp\u00e9tentes sont sollicit\u00e9es.<\/p>\n<h3><strong>Int\u00e9ress\u00e9\u00b7e ?<\/strong><\/h3>\n<p class=\"isSelectedEnd\">Nous nous r\u00e9jouissons de recevoir votre candidature <strong>jusqu\u2019au 30 septembre 2026<\/strong> \u00e0 :<\/p>\n<p class=\"isSelectedEnd\"><a href=\"mailto:info@swiss-baseball.ch\"><strong>info@swiss-baseball.ch<\/strong><\/a><\/p>\n<p class=\"isSelectedEnd\">Pour tout renseignement compl\u00e9mentaire, notre actuelle Responsable \u00c9thique se tient volontiers \u00e0 votre disposition :<\/p>\n<p><strong>Dagmar Voith Leemann<\/strong><br \/>\n<a href=\"mailto:dagmar.voith@swiss-baseball.ch\">dagmar.voith@swiss-baseball.ch<\/a><\/p>\n","protected":false},"excerpt":{"rendered":"<p>Responsable \u00c9thique Notre actuelle Responsable \u00c9thique, Dagmar Voith Leemann, a annonc\u00e9 lors de l\u2019Assembl\u00e9e g\u00e9n\u00e9rale du 20 f\u00e9vrier 2027 sa d\u00e9mission du Comit\u00e9 central. Nous sommes donc \u00e0 la recherche d\u2019une nouvelle personne pour assumer la fonction de Responsable \u00c9thique. Nous remercions d\u2019ores et d\u00e9j\u00e0 chaleureusement Dagmar pour son engagement et pour son pr\u00e9cieux travail [&hellip;]<\/p>\n","protected":false},"author":2,"featured_media":4587,"comment_status":"closed","ping_status":"open","sticky":false,"template":"","format":"standard","meta":{"_acf_changed":false,"footnotes":""},"categories":[54],"tags":[],"class_list":["post-7112","post","type-post","status-publish","format-standard","has-post-thumbnail","hentry","category-verband-fr"],"acf":[],"yoast_head":"<!-- This site is optimized with the Yoast SEO plugin v28.4 - https:\/\/yoast.com\/product\/yoast-seo-wordpress\/ -->\n<title>Nous recherchons - SBSF | Swiss Baseball &amp; Softball Federation<\/title>\n<meta name=\"robots\" content=\"index, follow, max-snippet:-1, max-image-preview:large, max-video-preview:-1\" \/>\n<link rel=\"canonical\" href=\"https:\/\/www.swiss-baseball.ch\/fr\/news\/nous-recherchons\/\" \/>\n<meta property=\"og:locale\" content=\"fr_FR\" \/>\n<meta property=\"og:type\" content=\"article\" \/>\n<meta property=\"og:title\" content=\"Nous recherchons - SBSF | Swiss Baseball &amp; Softball Federation\" \/>\n<meta property=\"og:description\" content=\"Responsable \u00c9thique Notre actuelle Responsable \u00c9thique, Dagmar Voith Leemann, a annonc\u00e9 lors de l\u2019Assembl\u00e9e g\u00e9n\u00e9rale du 20 f\u00e9vrier 2027 sa d\u00e9mission du Comit\u00e9 central. Nous sommes donc \u00e0 la recherche d\u2019une nouvelle personne pour assumer la fonction de Responsable \u00c9thique. Nous remercions d\u2019ores et d\u00e9j\u00e0 chaleureusement Dagmar pour son engagement et pour son pr\u00e9cieux travail [&hellip;]\" \/>\n<meta property=\"og:url\" content=\"https:\/\/www.swiss-baseball.ch\/fr\/news\/nous-recherchons\/\" \/>\n<meta property=\"og:site_name\" content=\"SBSF | Swiss Baseball &amp; Softball Federation\" \/>\n<meta property=\"article:published_time\" content=\"2026-09-02T12:46:40+00:00\" \/>\n<meta property=\"article:modified_time\" content=\"2026-09-02T12:49:19+00:00\" \/>\n<meta property=\"og:image\" content=\"https:\/\/www.swiss-baseball.ch\/wp-content\/uploads\/2025\/02\/sbsf-Logo-klein.jpg\" \/>\n\t<meta property=\"og:image:width\" content=\"2481\" \/>\n\t<meta property=\"og:image:height\" content=\"1358\" \/>\n\t<meta property=\"og:image:type\" content=\"image\/jpeg\" \/>\n<meta name=\"author\" content=\"monique\" \/>\n<meta name=\"twitter:card\" content=\"summary_large_image\" \/>\n<meta name=\"twitter:label1\" content=\"\u00c9crit par\" \/>\n\t<meta name=\"twitter:data1\" content=\"monique\" \/>\n\t<meta name=\"twitter:label2\" content=\"Dur\u00e9e de lecture estim\u00e9e\" \/>\n\t<meta name=\"twitter:data2\" content=\"3 minutes\" \/>\n<script type=\"application\/ld+json\" class=\"yoast-schema-graph\">{\"@context\":\"https:\\\/\\\/schema.org\",\"@graph\":[{\"@type\":\"Article\",\"@id\":\"https:\\\/\\\/www.swiss-baseball.ch\\\/fr\\\/news\\\/nous-recherchons\\\/#article\",\"isPartOf\":{\"@id\":\"https:\\\/\\\/www.swiss-baseball.ch\\\/fr\\\/news\\\/nous-recherchons\\\/\"},\"author\":{\"name\":\"monique\",\"@id\":\"https:\\\/\\\/www.swiss-baseball.ch\\\/fr\\\/#\\\/schema\\\/person\\\/be5da9594aa99f26459a86b260fb6d32\"},\"headline\":\"Nous recherchons\",\"datePublished\":\"2026-09-02T12:46:40+00:00\",\"dateModified\":\"2026-09-02T12:49:19+00:00\",\"mainEntityOfPage\":{\"@id\":\"https:\\\/\\\/www.swiss-baseball.ch\\\/fr\\\/news\\\/nous-recherchons\\\/\"},\"wordCount\":488,\"image\":{\"@id\":\"https:\\\/\\\/www.swiss-baseball.ch\\\/fr\\\/news\\\/nous-recherchons\\\/#primaryimage\"},\"thumbnailUrl\":\"https:\\\/\\\/www.swiss-baseball.ch\\\/wp-content\\\/uploads\\\/2025\\\/02\\\/sbsf-Logo-klein.jpg\",\"articleSection\":[\"Verband\"],\"inLanguage\":\"fr-FR\"},{\"@type\":\"WebPage\",\"@id\":\"https:\\\/\\\/www.swiss-baseball.ch\\\/fr\\\/news\\\/nous-recherchons\\\/\",\"url\":\"https:\\\/\\\/www.swiss-baseball.ch\\\/fr\\\/news\\\/nous-recherchons\\\/\",\"name\":\"Nous recherchons - SBSF | Swiss Baseball &amp; Softball Federation\",\"isPartOf\":{\"@id\":\"https:\\\/\\\/www.swiss-baseball.ch\\\/fr\\\/#website\"},\"primaryImageOfPage\":{\"@id\":\"https:\\\/\\\/www.swiss-baseball.ch\\\/fr\\\/news\\\/nous-recherchons\\\/#primaryimage\"},\"image\":{\"@id\":\"https:\\\/\\\/www.swiss-baseball.ch\\\/fr\\\/news\\\/nous-recherchons\\\/#primaryimage\"},\"thumbnailUrl\":\"https:\\\/\\\/www.swiss-baseball.ch\\\/wp-content\\\/uploads\\\/2025\\\/02\\\/sbsf-Logo-klein.jpg\",\"datePublished\":\"2026-09-02T12:46:40+00:00\",\"dateModified\":\"2026-09-02T12:49:19+00:00\",\"author\":{\"@id\":\"https:\\\/\\\/www.swiss-baseball.ch\\\/fr\\\/#\\\/schema\\\/person\\\/be5da9594aa99f26459a86b260fb6d32\"},\"breadcrumb\":{\"@id\":\"https:\\\/\\\/www.swiss-baseball.ch\\\/fr\\\/news\\\/nous-recherchons\\\/#breadcrumb\"},\"inLanguage\":\"fr-FR\",\"potentialAction\":[{\"@type\":\"ReadAction\",\"target\":[\"https:\\\/\\\/www.swiss-baseball.ch\\\/fr\\\/news\\\/nous-recherchons\\\/\"]}]},{\"@type\":\"ImageObject\",\"inLanguage\":\"fr-FR\",\"@id\":\"https:\\\/\\\/www.swiss-baseball.ch\\\/fr\\\/news\\\/nous-recherchons\\\/#primaryimage\",\"url\":\"https:\\\/\\\/www.swiss-baseball.ch\\\/wp-content\\\/uploads\\\/2025\\\/02\\\/sbsf-Logo-klein.jpg\",\"contentUrl\":\"https:\\\/\\\/www.swiss-baseball.ch\\\/wp-content\\\/uploads\\\/2025\\\/02\\\/sbsf-Logo-klein.jpg\",\"width\":2481,\"height\":1358},{\"@type\":\"BreadcrumbList\",\"@id\":\"https:\\\/\\\/www.swiss-baseball.ch\\\/fr\\\/news\\\/nous-recherchons\\\/#breadcrumb\",\"itemListElement\":[{\"@type\":\"ListItem\",\"position\":1,\"name\":\"Home\",\"item\":\"https:\\\/\\\/www.swiss-baseball.ch\\\/fr\\\/home\\\/\"},{\"@type\":\"ListItem\",\"position\":2,\"name\":\"Nous recherchons\"}]},{\"@type\":\"WebSite\",\"@id\":\"https:\\\/\\\/www.swiss-baseball.ch\\\/fr\\\/#website\",\"url\":\"https:\\\/\\\/www.swiss-baseball.ch\\\/fr\\\/\",\"name\":\"SBSF | Swiss Baseball &amp; Softball Federation\",\"description\":\"\",\"potentialAction\":[{\"@type\":\"SearchAction\",\"target\":{\"@type\":\"EntryPoint\",\"urlTemplate\":\"https:\\\/\\\/www.swiss-baseball.ch\\\/fr\\\/?s={search_term_string}\"},\"query-input\":{\"@type\":\"PropertyValueSpecification\",\"valueRequired\":true,\"valueName\":\"search_term_string\"}}],\"inLanguage\":\"fr-FR\"},{\"@type\":\"Person\",\"@id\":\"https:\\\/\\\/www.swiss-baseball.ch\\\/fr\\\/#\\\/schema\\\/person\\\/be5da9594aa99f26459a86b260fb6d32\",\"name\":\"monique\",\"image\":{\"@type\":\"ImageObject\",\"inLanguage\":\"fr-FR\",\"@id\":\"https:\\\/\\\/secure.gravatar.com\\\/avatar\\\/686df6c31cf50e7033c5ccc6f9219c42ae1d9f87f58d574410439a673d999be6?s=96&d=mm&r=g\",\"url\":\"https:\\\/\\\/secure.gravatar.com\\\/avatar\\\/686df6c31cf50e7033c5ccc6f9219c42ae1d9f87f58d574410439a673d999be6?s=96&d=mm&r=g\",\"contentUrl\":\"https:\\\/\\\/secure.gravatar.com\\\/avatar\\\/686df6c31cf50e7033c5ccc6f9219c42ae1d9f87f58d574410439a673d999be6?s=96&d=mm&r=g\",\"caption\":\"monique\"},\"url\":\"https:\\\/\\\/www.swiss-baseball.ch\\\/fr\\\/news\\\/author\\\/monique\\\/\"}]}<\/script>\n<!-- \/ Yoast SEO plugin. -->","yoast_head_json":{"title":"Nous recherchons - SBSF | Swiss Baseball &amp; Softball Federation","robots":{"index":"index","follow":"follow","max-snippet":"max-snippet:-1","max-image-preview":"max-image-preview:large","max-video-preview":"max-video-preview:-1"},"canonical":"https:\/\/www.swiss-baseball.ch\/fr\/news\/nous-recherchons\/","og_locale":"fr_FR","og_type":"article","og_title":"Nous recherchons - SBSF | Swiss Baseball &amp; Softball Federation","og_description":"Responsable \u00c9thique Notre actuelle Responsable \u00c9thique, Dagmar Voith Leemann, a annonc\u00e9 lors de l\u2019Assembl\u00e9e g\u00e9n\u00e9rale du 20 f\u00e9vrier 2027 sa d\u00e9mission du Comit\u00e9 central. Nous sommes donc \u00e0 la recherche d\u2019une nouvelle personne pour assumer la fonction de Responsable \u00c9thique. Nous remercions d\u2019ores et d\u00e9j\u00e0 chaleureusement Dagmar pour son engagement et pour son pr\u00e9cieux travail [&hellip;]","og_url":"https:\/\/www.swiss-baseball.ch\/fr\/news\/nous-recherchons\/","og_site_name":"SBSF | Swiss Baseball &amp; Softball Federation","article_published_time":"2026-09-02T12:46:40+00:00","article_modified_time":"2026-09-02T12:49:19+00:00","og_image":[{"width":2481,"height":1358,"url":"https:\/\/www.swiss-baseball.ch\/wp-content\/uploads\/2025\/02\/sbsf-Logo-klein.jpg","type":"image\/jpeg"}],"author":"monique","twitter_card":"summary_large_image","twitter_misc":{"\u00c9crit par":"monique","Dur\u00e9e de lecture estim\u00e9e":"3 minutes"},"schema":{"@context":"https:\/\/schema.org","@graph":[{"@type":"Article","@id":"https:\/\/www.swiss-baseball.ch\/fr\/news\/nous-recherchons\/#article","isPartOf":{"@id":"https:\/\/www.swiss-baseball.ch\/fr\/news\/nous-recherchons\/"},"author":{"name":"monique","@id":"https:\/\/www.swiss-baseball.ch\/fr\/#\/schema\/person\/be5da9594aa99f26459a86b260fb6d32"},"headline":"Nous recherchons","datePublished":"2026-09-02T12:46:40+00:00","dateModified":"2026-09-02T12:49:19+00:00","mainEntityOfPage":{"@id":"https:\/\/www.swiss-baseball.ch\/fr\/news\/nous-recherchons\/"},"wordCount":488,"image":{"@id":"https:\/\/www.swiss-baseball.ch\/fr\/news\/nous-recherchons\/#primaryimage"},"thumbnailUrl":"https:\/\/www.swiss-baseball.ch\/wp-content\/uploads\/2025\/02\/sbsf-Logo-klein.jpg","articleSection":["Verband"],"inLanguage":"fr-FR"},{"@type":"WebPage","@id":"https:\/\/www.swiss-baseball.ch\/fr\/news\/nous-recherchons\/","url":"https:\/\/www.swiss-baseball.ch\/fr\/news\/nous-recherchons\/","name":"Nous recherchons - SBSF | Swiss Baseball &amp; Softball Federation","isPartOf":{"@id":"https:\/\/www.swiss-baseball.ch\/fr\/#website"},"primaryImageOfPage":{"@id":"https:\/\/www.swiss-baseball.ch\/fr\/news\/nous-recherchons\/#primaryimage"},"image":{"@id":"https:\/\/www.swiss-baseball.ch\/fr\/news\/nous-recherchons\/#primaryimage"},"thumbnailUrl":"https:\/\/www.swiss-baseball.ch\/wp-content\/uploads\/2025\/02\/sbsf-Logo-klein.jpg","datePublished":"2026-09-02T12:46:40+00:00","dateModified":"2026-09-02T12:49:19+00:00","author":{"@id":"https:\/\/www.swiss-baseball.ch\/fr\/#\/schema\/person\/be5da9594aa99f26459a86b260fb6d32"},"breadcrumb":{"@id":"https:\/\/www.swiss-baseball.ch\/fr\/news\/nous-recherchons\/#breadcrumb"},"inLanguage":"fr-FR","potentialAction":[{"@type":"ReadAction","target":["https:\/\/www.swiss-baseball.ch\/fr\/news\/nous-recherchons\/"]}]},{"@type":"ImageObject","inLanguage":"fr-FR","@id":"https:\/\/www.swiss-baseball.ch\/fr\/news\/nous-recherchons\/#primaryimage","url":"https:\/\/www.swiss-baseball.ch\/wp-content\/uploads\/2025\/02\/sbsf-Logo-klein.jpg","contentUrl":"https:\/\/www.swiss-baseball.ch\/wp-content\/uploads\/2025\/02\/sbsf-Logo-klein.jpg","width":2481,"height":1358},{"@type":"BreadcrumbList","@id":"https:\/\/www.swiss-baseball.ch\/fr\/news\/nous-recherchons\/#breadcrumb","itemListElement":[{"@type":"ListItem","position":1,"name":"Home","item":"https:\/\/www.swiss-baseball.ch\/fr\/home\/"},{"@type":"ListItem","position":2,"name":"Nous recherchons"}]},{"@type":"WebSite","@id":"https:\/\/www.swiss-baseball.ch\/fr\/#website","url":"https:\/\/www.swiss-baseball.ch\/fr\/","name":"SBSF | Swiss Baseball &amp; Softball Federation","description":"","potentialAction":[{"@type":"SearchAction","target":{"@type":"EntryPoint","urlTemplate":"https:\/\/www.swiss-baseball.ch\/fr\/?s={search_term_string}"},"query-input":{"@type":"PropertyValueSpecification","valueRequired":true,"valueName":"search_term_string"}}],"inLanguage":"fr-FR"},{"@type":"Person","@id":"https:\/\/www.swiss-baseball.ch\/fr\/#\/schema\/person\/be5da9594aa99f26459a86b260fb6d32","name":"monique","image":{"@type":"ImageObject","inLanguage":"fr-FR","@id":"https:\/\/secure.gravatar.com\/avatar\/686df6c31cf50e7033c5ccc6f9219c42ae1d9f87f58d574410439a673d999be6?s=96&d=mm&r=g","url":"https:\/\/secure.gravatar.com\/avatar\/686df6c31cf50e7033c5ccc6f9219c42ae1d9f87f58d574410439a673d999be6?s=96&d=mm&r=g","contentUrl":"https:\/\/secure.gravatar.com\/avatar\/686df6c31cf50e7033c5ccc6f9219c42ae1d9f87f58d574410439a673d999be6?s=96&d=mm&r=g","caption":"monique"},"url":"https:\/\/www.swiss-baseball.ch\/fr\/news\/author\/monique\/"}]}},"_links":{"self":[{"href":"https:\/\/www.swiss-baseball.ch\/fr\/wp-json\/wp\/v2\/posts\/7112","targetHints":{"allow":["GET"]}}],"collection":[{"href":"https:\/\/www.swiss-baseball.ch\/fr\/wp-json\/wp\/v2\/posts"}],"about":[{"href":"https:\/\/www.swiss-baseball.ch\/fr\/wp-json\/wp\/v2\/types\/post"}],"author":[{"embeddable":true,"href":"https:\/\/www.swiss-baseball.ch\/fr\/wp-json\/wp\/v2\/users\/2"}],"replies":[{"embeddable":true,"href":"https:\/\/www.swiss-baseball.ch\/fr\/wp-json\/wp\/v2\/comments?post=7112"}],"version-history":[{"count":1,"href":"https:\/\/www.swiss-baseball.ch\/fr\/wp-json\/wp\/v2\/posts\/7112\/revisions"}],"predecessor-version":[{"id":7114,"href":"https:\/\/www.swiss-baseball.ch\/fr\/wp-json\/wp\/v2\/posts\/7112\/revisions\/7114"}],"wp:featuredmedia":[{"embeddable":true,"href":"https:\/\/www.swiss-baseball.ch\/fr\/wp-json\/wp\/v2\/media\/4587"}],"wp:attachment":[{"href":"https:\/\/www.swiss-baseball.ch\/fr\/wp-json\/wp\/v2\/media?parent=7112"}],"wp:term":[{"taxonomy":"category","embeddable":true,"href":"https:\/\/www.swiss-baseball.ch\/fr\/wp-json\/wp\/v2\/categories?post=7112"},{"taxonomy":"post_tag","embeddable":true,"href":"https:\/\/www.swiss-baseball.ch\/fr\/wp-json\/wp\/v2\/tags?post=7112"}],"curies":[{"name":"wp","href":"https:\/\/api.w.org\/{rel}","templated":true}]}}