{"id":5777,"date":"2025-11-19T08:02:33","date_gmt":"2025-11-19T07:02:33","guid":{"rendered":"https:\/\/www.swiss-baseball.ch\/?p=5777"},"modified":"2025-11-19T08:10:11","modified_gmt":"2025-11-19T07:10:11","slug":"demission-de-roger-savoldelli-en-tant-que-responsable-du-departement-sport-de-competition","status":"publish","type":"post","link":"https:\/\/www.swiss-baseball.ch\/fr\/news\/demission-de-roger-savoldelli-en-tant-que-responsable-du-departement-sport-de-competition\/","title":{"rendered":"D\u00e9mission de Roger Savoldelli en tant que responsable du d\u00e9partement Sport de comp\u00e9tition"},"content":{"rendered":"<p>Nous vous informons que Roger Savoldelli, responsable du d\u00e9partement Sport de comp\u00e9tition, d\u00e9missionnera de ses fonctions lors de l&rsquo;assembl\u00e9e g\u00e9n\u00e9rale du 28 f\u00e9vrier 2026.<\/p>\n<p>Nous remercions Roger pour son engagement et le travail accompli en faveur du sport de comp\u00e9tition au sein de notre organisation.<\/p>\n<p>La SBSF regrette cette d\u00e9mission et souhaite \u00e0 Roger Savoldelli beaucoup de succ\u00e8s pour l&rsquo;avenir, tant sur le plan professionnel que priv\u00e9.<\/p>\n<p>Nous recherchons un(e) successeur(e).<\/p>\n<p>&nbsp;<\/p>\n<p>&nbsp;<\/p>\n<p>&nbsp;<\/p>\n","protected":false},"excerpt":{"rendered":"<p>Nous vous informons que Roger Savoldelli, responsable du d\u00e9partement Sport de comp\u00e9tition, d\u00e9missionnera de ses fonctions lors de l&rsquo;assembl\u00e9e g\u00e9n\u00e9rale du 28 f\u00e9vrier 2026. Nous remercions Roger pour son engagement et le travail accompli en faveur du sport de comp\u00e9tition au sein de notre organisation. La SBSF regrette cette d\u00e9mission et souhaite \u00e0 Roger Savoldelli [&hellip;]<\/p>\n","protected":false},"author":2,"featured_media":5776,"comment_status":"open","ping_status":"open","sticky":false,"template":"","format":"standard","meta":{"_acf_changed":false,"footnotes":""},"categories":[53,54],"tags":[],"class_list":["post-5777","post","type-post","status-publish","format-standard","has-post-thumbnail","hentry","category-nationalteam-fr","category-verband-fr"],"acf":[],"yoast_head":"<!-- This site is optimized with the Yoast SEO plugin v27.4 - https:\/\/yoast.com\/product\/yoast-seo-wordpress\/ -->\n<title>D\u00e9mission de Roger Savoldelli en tant que responsable du d\u00e9partement Sport de comp\u00e9tition - SBSF | Swiss Baseball &amp; Softball Federation<\/title>\n<meta name=\"robots\" content=\"index, follow, max-snippet:-1, max-image-preview:large, max-video-preview:-1\" \/>\n<link rel=\"canonical\" href=\"https:\/\/www.swiss-baseball.ch\/fr\/news\/demission-de-roger-savoldelli-en-tant-que-responsable-du-departement-sport-de-competition\/\" \/>\n<meta property=\"og:locale\" content=\"fr_FR\" \/>\n<meta property=\"og:type\" content=\"article\" \/>\n<meta property=\"og:title\" content=\"D\u00e9mission de Roger Savoldelli en tant que responsable du d\u00e9partement Sport de comp\u00e9tition - SBSF | Swiss Baseball &amp; Softball Federation\" \/>\n<meta property=\"og:description\" content=\"Nous vous informons que Roger Savoldelli, responsable du d\u00e9partement Sport de comp\u00e9tition, d\u00e9missionnera de ses fonctions lors de l&rsquo;assembl\u00e9e g\u00e9n\u00e9rale du 28 f\u00e9vrier 2026. Nous remercions Roger pour son engagement et le travail accompli en faveur du sport de comp\u00e9tition au sein de notre organisation. La SBSF regrette cette d\u00e9mission et souhaite \u00e0 Roger Savoldelli [&hellip;]\" \/>\n<meta property=\"og:url\" content=\"https:\/\/www.swiss-baseball.ch\/fr\/news\/demission-de-roger-savoldelli-en-tant-que-responsable-du-departement-sport-de-competition\/\" \/>\n<meta property=\"og:site_name\" content=\"SBSF | Swiss Baseball &amp; Softball Federation\" \/>\n<meta property=\"article:published_time\" content=\"2025-11-19T07:02:33+00:00\" \/>\n<meta property=\"article:modified_time\" content=\"2025-11-19T07:10:11+00:00\" \/>\n<meta property=\"og:image\" content=\"https:\/\/www.swiss-baseball.ch\/wp-content\/uploads\/2025\/11\/roger-1.jpg\" \/>\n\t<meta property=\"og:image:width\" content=\"400\" \/>\n\t<meta property=\"og:image:height\" content=\"277\" \/>\n\t<meta property=\"og:image:type\" content=\"image\/jpeg\" \/>\n<meta name=\"author\" content=\"monique\" \/>\n<meta name=\"twitter:card\" content=\"summary_large_image\" \/>\n<meta name=\"twitter:label1\" content=\"\u00c9crit par\" \/>\n\t<meta name=\"twitter:data1\" content=\"monique\" \/>\n\t<meta name=\"twitter:label2\" content=\"Dur\u00e9e de lecture estim\u00e9e\" \/>\n\t<meta name=\"twitter:data2\" content=\"1 minute\" \/>\n<script type=\"application\/ld+json\" class=\"yoast-schema-graph\">{\"@context\":\"https:\\\/\\\/schema.org\",\"@graph\":[{\"@type\":\"Article\",\"@id\":\"https:\\\/\\\/www.swiss-baseball.ch\\\/fr\\\/news\\\/demission-de-roger-savoldelli-en-tant-que-responsable-du-departement-sport-de-competition\\\/#article\",\"isPartOf\":{\"@id\":\"https:\\\/\\\/www.swiss-baseball.ch\\\/fr\\\/news\\\/demission-de-roger-savoldelli-en-tant-que-responsable-du-departement-sport-de-competition\\\/\"},\"author\":{\"name\":\"monique\",\"@id\":\"https:\\\/\\\/www.swiss-baseball.ch\\\/fr\\\/#\\\/schema\\\/person\\\/be5da9594aa99f26459a86b260fb6d32\"},\"headline\":\"D\u00e9mission de Roger Savoldelli en tant que responsable du d\u00e9partement Sport de comp\u00e9tition\",\"datePublished\":\"2025-11-19T07:02:33+00:00\",\"dateModified\":\"2025-11-19T07:10:11+00:00\",\"mainEntityOfPage\":{\"@id\":\"https:\\\/\\\/www.swiss-baseball.ch\\\/fr\\\/news\\\/demission-de-roger-savoldelli-en-tant-que-responsable-du-departement-sport-de-competition\\\/\"},\"wordCount\":101,\"commentCount\":0,\"image\":{\"@id\":\"https:\\\/\\\/www.swiss-baseball.ch\\\/fr\\\/news\\\/demission-de-roger-savoldelli-en-tant-que-responsable-du-departement-sport-de-competition\\\/#primaryimage\"},\"thumbnailUrl\":\"https:\\\/\\\/www.swiss-baseball.ch\\\/wp-content\\\/uploads\\\/2025\\\/11\\\/roger-1.jpg\",\"articleSection\":[\"Nationalteam\",\"Verband\"],\"inLanguage\":\"fr-FR\",\"potentialAction\":[{\"@type\":\"CommentAction\",\"name\":\"Comment\",\"target\":[\"https:\\\/\\\/www.swiss-baseball.ch\\\/fr\\\/news\\\/demission-de-roger-savoldelli-en-tant-que-responsable-du-departement-sport-de-competition\\\/#respond\"]}]},{\"@type\":\"WebPage\",\"@id\":\"https:\\\/\\\/www.swiss-baseball.ch\\\/fr\\\/news\\\/demission-de-roger-savoldelli-en-tant-que-responsable-du-departement-sport-de-competition\\\/\",\"url\":\"https:\\\/\\\/www.swiss-baseball.ch\\\/fr\\\/news\\\/demission-de-roger-savoldelli-en-tant-que-responsable-du-departement-sport-de-competition\\\/\",\"name\":\"D\u00e9mission de Roger Savoldelli en tant que responsable du d\u00e9partement Sport de comp\u00e9tition - SBSF | Swiss Baseball &amp; Softball Federation\",\"isPartOf\":{\"@id\":\"https:\\\/\\\/www.swiss-baseball.ch\\\/fr\\\/#website\"},\"primaryImageOfPage\":{\"@id\":\"https:\\\/\\\/www.swiss-baseball.ch\\\/fr\\\/news\\\/demission-de-roger-savoldelli-en-tant-que-responsable-du-departement-sport-de-competition\\\/#primaryimage\"},\"image\":{\"@id\":\"https:\\\/\\\/www.swiss-baseball.ch\\\/fr\\\/news\\\/demission-de-roger-savoldelli-en-tant-que-responsable-du-departement-sport-de-competition\\\/#primaryimage\"},\"thumbnailUrl\":\"https:\\\/\\\/www.swiss-baseball.ch\\\/wp-content\\\/uploads\\\/2025\\\/11\\\/roger-1.jpg\",\"datePublished\":\"2025-11-19T07:02:33+00:00\",\"dateModified\":\"2025-11-19T07:10:11+00:00\",\"author\":{\"@id\":\"https:\\\/\\\/www.swiss-baseball.ch\\\/fr\\\/#\\\/schema\\\/person\\\/be5da9594aa99f26459a86b260fb6d32\"},\"breadcrumb\":{\"@id\":\"https:\\\/\\\/www.swiss-baseball.ch\\\/fr\\\/news\\\/demission-de-roger-savoldelli-en-tant-que-responsable-du-departement-sport-de-competition\\\/#breadcrumb\"},\"inLanguage\":\"fr-FR\",\"potentialAction\":[{\"@type\":\"ReadAction\",\"target\":[\"https:\\\/\\\/www.swiss-baseball.ch\\\/fr\\\/news\\\/demission-de-roger-savoldelli-en-tant-que-responsable-du-departement-sport-de-competition\\\/\"]}]},{\"@type\":\"ImageObject\",\"inLanguage\":\"fr-FR\",\"@id\":\"https:\\\/\\\/www.swiss-baseball.ch\\\/fr\\\/news\\\/demission-de-roger-savoldelli-en-tant-que-responsable-du-departement-sport-de-competition\\\/#primaryimage\",\"url\":\"https:\\\/\\\/www.swiss-baseball.ch\\\/wp-content\\\/uploads\\\/2025\\\/11\\\/roger-1.jpg\",\"contentUrl\":\"https:\\\/\\\/www.swiss-baseball.ch\\\/wp-content\\\/uploads\\\/2025\\\/11\\\/roger-1.jpg\",\"width\":400,\"height\":277},{\"@type\":\"BreadcrumbList\",\"@id\":\"https:\\\/\\\/www.swiss-baseball.ch\\\/fr\\\/news\\\/demission-de-roger-savoldelli-en-tant-que-responsable-du-departement-sport-de-competition\\\/#breadcrumb\",\"itemListElement\":[{\"@type\":\"ListItem\",\"position\":1,\"name\":\"Home\",\"item\":\"https:\\\/\\\/www.swiss-baseball.ch\\\/fr\\\/\"},{\"@type\":\"ListItem\",\"position\":2,\"name\":\"D\u00e9mission de Roger Savoldelli en tant que responsable du d\u00e9partement Sport de comp\u00e9tition\"}]},{\"@type\":\"WebSite\",\"@id\":\"https:\\\/\\\/www.swiss-baseball.ch\\\/fr\\\/#website\",\"url\":\"https:\\\/\\\/www.swiss-baseball.ch\\\/fr\\\/\",\"name\":\"SBSF | Swiss Baseball &amp; Softball Federation\",\"description\":\"\",\"potentialAction\":[{\"@type\":\"SearchAction\",\"target\":{\"@type\":\"EntryPoint\",\"urlTemplate\":\"https:\\\/\\\/www.swiss-baseball.ch\\\/fr\\\/?s={search_term_string}\"},\"query-input\":{\"@type\":\"PropertyValueSpecification\",\"valueRequired\":true,\"valueName\":\"search_term_string\"}}],\"inLanguage\":\"fr-FR\"},{\"@type\":\"Person\",\"@id\":\"https:\\\/\\\/www.swiss-baseball.ch\\\/fr\\\/#\\\/schema\\\/person\\\/be5da9594aa99f26459a86b260fb6d32\",\"name\":\"monique\",\"image\":{\"@type\":\"ImageObject\",\"inLanguage\":\"fr-FR\",\"@id\":\"https:\\\/\\\/secure.gravatar.com\\\/avatar\\\/686df6c31cf50e7033c5ccc6f9219c42ae1d9f87f58d574410439a673d999be6?s=96&d=mm&r=g\",\"url\":\"https:\\\/\\\/secure.gravatar.com\\\/avatar\\\/686df6c31cf50e7033c5ccc6f9219c42ae1d9f87f58d574410439a673d999be6?s=96&d=mm&r=g\",\"contentUrl\":\"https:\\\/\\\/secure.gravatar.com\\\/avatar\\\/686df6c31cf50e7033c5ccc6f9219c42ae1d9f87f58d574410439a673d999be6?s=96&d=mm&r=g\",\"caption\":\"monique\"},\"url\":\"https:\\\/\\\/www.swiss-baseball.ch\\\/fr\\\/news\\\/author\\\/monique\\\/\"}]}<\/script>\n<!-- \/ Yoast SEO plugin. -->","yoast_head_json":{"title":"D\u00e9mission de Roger Savoldelli en tant que responsable du d\u00e9partement Sport de comp\u00e9tition - SBSF | Swiss Baseball &amp; Softball Federation","robots":{"index":"index","follow":"follow","max-snippet":"max-snippet:-1","max-image-preview":"max-image-preview:large","max-video-preview":"max-video-preview:-1"},"canonical":"https:\/\/www.swiss-baseball.ch\/fr\/news\/demission-de-roger-savoldelli-en-tant-que-responsable-du-departement-sport-de-competition\/","og_locale":"fr_FR","og_type":"article","og_title":"D\u00e9mission de Roger Savoldelli en tant que responsable du d\u00e9partement Sport de comp\u00e9tition - SBSF | Swiss Baseball &amp; Softball Federation","og_description":"Nous vous informons que Roger Savoldelli, responsable du d\u00e9partement Sport de comp\u00e9tition, d\u00e9missionnera de ses fonctions lors de l&rsquo;assembl\u00e9e g\u00e9n\u00e9rale du 28 f\u00e9vrier 2026. Nous remercions Roger pour son engagement et le travail accompli en faveur du sport de comp\u00e9tition au sein de notre organisation. La SBSF regrette cette d\u00e9mission et souhaite \u00e0 Roger Savoldelli [&hellip;]","og_url":"https:\/\/www.swiss-baseball.ch\/fr\/news\/demission-de-roger-savoldelli-en-tant-que-responsable-du-departement-sport-de-competition\/","og_site_name":"SBSF | Swiss Baseball &amp; Softball Federation","article_published_time":"2025-11-19T07:02:33+00:00","article_modified_time":"2025-11-19T07:10:11+00:00","og_image":[{"width":400,"height":277,"url":"https:\/\/www.swiss-baseball.ch\/wp-content\/uploads\/2025\/11\/roger-1.jpg","type":"image\/jpeg"}],"author":"monique","twitter_card":"summary_large_image","twitter_misc":{"\u00c9crit par":"monique","Dur\u00e9e de lecture estim\u00e9e":"1 minute"},"schema":{"@context":"https:\/\/schema.org","@graph":[{"@type":"Article","@id":"https:\/\/www.swiss-baseball.ch\/fr\/news\/demission-de-roger-savoldelli-en-tant-que-responsable-du-departement-sport-de-competition\/#article","isPartOf":{"@id":"https:\/\/www.swiss-baseball.ch\/fr\/news\/demission-de-roger-savoldelli-en-tant-que-responsable-du-departement-sport-de-competition\/"},"author":{"name":"monique","@id":"https:\/\/www.swiss-baseball.ch\/fr\/#\/schema\/person\/be5da9594aa99f26459a86b260fb6d32"},"headline":"D\u00e9mission de Roger Savoldelli en tant que responsable du d\u00e9partement Sport de comp\u00e9tition","datePublished":"2025-11-19T07:02:33+00:00","dateModified":"2025-11-19T07:10:11+00:00","mainEntityOfPage":{"@id":"https:\/\/www.swiss-baseball.ch\/fr\/news\/demission-de-roger-savoldelli-en-tant-que-responsable-du-departement-sport-de-competition\/"},"wordCount":101,"commentCount":0,"image":{"@id":"https:\/\/www.swiss-baseball.ch\/fr\/news\/demission-de-roger-savoldelli-en-tant-que-responsable-du-departement-sport-de-competition\/#primaryimage"},"thumbnailUrl":"https:\/\/www.swiss-baseball.ch\/wp-content\/uploads\/2025\/11\/roger-1.jpg","articleSection":["Nationalteam","Verband"],"inLanguage":"fr-FR","potentialAction":[{"@type":"CommentAction","name":"Comment","target":["https:\/\/www.swiss-baseball.ch\/fr\/news\/demission-de-roger-savoldelli-en-tant-que-responsable-du-departement-sport-de-competition\/#respond"]}]},{"@type":"WebPage","@id":"https:\/\/www.swiss-baseball.ch\/fr\/news\/demission-de-roger-savoldelli-en-tant-que-responsable-du-departement-sport-de-competition\/","url":"https:\/\/www.swiss-baseball.ch\/fr\/news\/demission-de-roger-savoldelli-en-tant-que-responsable-du-departement-sport-de-competition\/","name":"D\u00e9mission de Roger Savoldelli en tant que responsable du d\u00e9partement Sport de comp\u00e9tition - SBSF | Swiss Baseball &amp; Softball Federation","isPartOf":{"@id":"https:\/\/www.swiss-baseball.ch\/fr\/#website"},"primaryImageOfPage":{"@id":"https:\/\/www.swiss-baseball.ch\/fr\/news\/demission-de-roger-savoldelli-en-tant-que-responsable-du-departement-sport-de-competition\/#primaryimage"},"image":{"@id":"https:\/\/www.swiss-baseball.ch\/fr\/news\/demission-de-roger-savoldelli-en-tant-que-responsable-du-departement-sport-de-competition\/#primaryimage"},"thumbnailUrl":"https:\/\/www.swiss-baseball.ch\/wp-content\/uploads\/2025\/11\/roger-1.jpg","datePublished":"2025-11-19T07:02:33+00:00","dateModified":"2025-11-19T07:10:11+00:00","author":{"@id":"https:\/\/www.swiss-baseball.ch\/fr\/#\/schema\/person\/be5da9594aa99f26459a86b260fb6d32"},"breadcrumb":{"@id":"https:\/\/www.swiss-baseball.ch\/fr\/news\/demission-de-roger-savoldelli-en-tant-que-responsable-du-departement-sport-de-competition\/#breadcrumb"},"inLanguage":"fr-FR","potentialAction":[{"@type":"ReadAction","target":["https:\/\/www.swiss-baseball.ch\/fr\/news\/demission-de-roger-savoldelli-en-tant-que-responsable-du-departement-sport-de-competition\/"]}]},{"@type":"ImageObject","inLanguage":"fr-FR","@id":"https:\/\/www.swiss-baseball.ch\/fr\/news\/demission-de-roger-savoldelli-en-tant-que-responsable-du-departement-sport-de-competition\/#primaryimage","url":"https:\/\/www.swiss-baseball.ch\/wp-content\/uploads\/2025\/11\/roger-1.jpg","contentUrl":"https:\/\/www.swiss-baseball.ch\/wp-content\/uploads\/2025\/11\/roger-1.jpg","width":400,"height":277},{"@type":"BreadcrumbList","@id":"https:\/\/www.swiss-baseball.ch\/fr\/news\/demission-de-roger-savoldelli-en-tant-que-responsable-du-departement-sport-de-competition\/#breadcrumb","itemListElement":[{"@type":"ListItem","position":1,"name":"Home","item":"https:\/\/www.swiss-baseball.ch\/fr\/"},{"@type":"ListItem","position":2,"name":"D\u00e9mission de Roger Savoldelli en tant que responsable du d\u00e9partement Sport de comp\u00e9tition"}]},{"@type":"WebSite","@id":"https:\/\/www.swiss-baseball.ch\/fr\/#website","url":"https:\/\/www.swiss-baseball.ch\/fr\/","name":"SBSF | Swiss Baseball &amp; Softball Federation","description":"","potentialAction":[{"@type":"SearchAction","target":{"@type":"EntryPoint","urlTemplate":"https:\/\/www.swiss-baseball.ch\/fr\/?s={search_term_string}"},"query-input":{"@type":"PropertyValueSpecification","valueRequired":true,"valueName":"search_term_string"}}],"inLanguage":"fr-FR"},{"@type":"Person","@id":"https:\/\/www.swiss-baseball.ch\/fr\/#\/schema\/person\/be5da9594aa99f26459a86b260fb6d32","name":"monique","image":{"@type":"ImageObject","inLanguage":"fr-FR","@id":"https:\/\/secure.gravatar.com\/avatar\/686df6c31cf50e7033c5ccc6f9219c42ae1d9f87f58d574410439a673d999be6?s=96&d=mm&r=g","url":"https:\/\/secure.gravatar.com\/avatar\/686df6c31cf50e7033c5ccc6f9219c42ae1d9f87f58d574410439a673d999be6?s=96&d=mm&r=g","contentUrl":"https:\/\/secure.gravatar.com\/avatar\/686df6c31cf50e7033c5ccc6f9219c42ae1d9f87f58d574410439a673d999be6?s=96&d=mm&r=g","caption":"monique"},"url":"https:\/\/www.swiss-baseball.ch\/fr\/news\/author\/monique\/"}]}},"_links":{"self":[{"href":"https:\/\/www.swiss-baseball.ch\/fr\/wp-json\/wp\/v2\/posts\/5777","targetHints":{"allow":["GET"]}}],"collection":[{"href":"https:\/\/www.swiss-baseball.ch\/fr\/wp-json\/wp\/v2\/posts"}],"about":[{"href":"https:\/\/www.swiss-baseball.ch\/fr\/wp-json\/wp\/v2\/types\/post"}],"author":[{"embeddable":true,"href":"https:\/\/www.swiss-baseball.ch\/fr\/wp-json\/wp\/v2\/users\/2"}],"replies":[{"embeddable":true,"href":"https:\/\/www.swiss-baseball.ch\/fr\/wp-json\/wp\/v2\/comments?post=5777"}],"version-history":[{"count":1,"href":"https:\/\/www.swiss-baseball.ch\/fr\/wp-json\/wp\/v2\/posts\/5777\/revisions"}],"predecessor-version":[{"id":5778,"href":"https:\/\/www.swiss-baseball.ch\/fr\/wp-json\/wp\/v2\/posts\/5777\/revisions\/5778"}],"wp:featuredmedia":[{"embeddable":true,"href":"https:\/\/www.swiss-baseball.ch\/fr\/wp-json\/wp\/v2\/media\/5776"}],"wp:attachment":[{"href":"https:\/\/www.swiss-baseball.ch\/fr\/wp-json\/wp\/v2\/media?parent=5777"}],"wp:term":[{"taxonomy":"category","embeddable":true,"href":"https:\/\/www.swiss-baseball.ch\/fr\/wp-json\/wp\/v2\/categories?post=5777"},{"taxonomy":"post_tag","embeddable":true,"href":"https:\/\/www.swiss-baseball.ch\/fr\/wp-json\/wp\/v2\/tags?post=5777"}],"curies":[{"name":"wp","href":"https:\/\/api.w.org\/{rel}","templated":true}]}}