{"id":5521,"date":"2025-10-13T14:55:41","date_gmt":"2025-10-13T12:55:41","guid":{"rendered":"https:\/\/www.swiss-baseball.ch\/?p=5521"},"modified":"2025-11-18T23:22:23","modified_gmt":"2025-11-18T22:22:23","slug":"reunions-des-ligues-et-reunion-des-presidents-le-samedi-8-novembre-2025","status":"publish","type":"post","link":"https:\/\/www.swiss-baseball.ch\/fr\/news\/reunions-des-ligues-et-reunion-des-presidents-le-samedi-8-novembre-2025\/","title":{"rendered":"R\u00e9unions des ligues et r\u00e9union des pr\u00e9sidents le samedi 8 novembre 2025"},"content":{"rendered":"<p>Les r\u00e9unions des ligues et la r\u00e9union des pr\u00e9sidents 2025 auront lieu le <strong>samedi 8 novembre 2025 .<\/strong><\/p>\n<p><strong>Lieu : Crowne Plaza Zurich, Badenerstrasse 420, 8040 Zurich.<\/strong><\/p>\n<p>10h00 &#8211; 12h30 <strong>R\u00e9union des ligues junior<\/strong>, salle Ammann<\/p>\n<p>10h00 &#8211; 12h30 <strong>R\u00e9union de la ligue r\u00e9gionale<\/strong>, salle B\u00fcrkli<\/p>\n<p>12h30 &#8211; 15h00 <strong>R\u00e9union de la ligue de softball fastpitch<\/strong>, salle Ammann<\/p>\n<p>12h30 &#8211; 14h30 <strong>R\u00e9union de la ligue nationale<\/strong>, salle Patio S\u00fcd\/West<\/p>\n<p>12h30 &#8211; 14h30 <strong>R\u00e9union responsable des arbitres<\/strong>, salle B\u00fcrkli<\/p>\n<p>15h00 &#8211; 17h00 <strong>R\u00e9union des pr\u00e9sidents<\/strong>, salle Patio Sud\/Ouest<\/p>\n<p>Les responsables des ligues enverront des invitations s\u00e9par\u00e9es aux responsables d&rsquo;\u00e9quipe et aux pr\u00e9sidents avec l&rsquo;ordre du jour.<\/p>\n<p>&nbsp;<\/p>\n","protected":false},"excerpt":{"rendered":"<p>Les r\u00e9unions des ligues et la r\u00e9union des pr\u00e9sidents 2025 auront lieu le samedi 8 novembre 2025 . Lieu : Crowne Plaza Zurich, Badenerstrasse 420, 8040 Zurich. 10h00 &#8211; 12h30 R\u00e9union des ligues junior, salle Ammann 10h00 &#8211; 12h30 R\u00e9union de la ligue r\u00e9gionale, salle B\u00fcrkli 12h30 &#8211; 15h00 R\u00e9union de la ligue de softball [&hellip;]<\/p>\n","protected":false},"author":2,"featured_media":4587,"comment_status":"open","ping_status":"open","sticky":false,"template":"","format":"standard","meta":{"_acf_changed":false,"footnotes":""},"categories":[33],"tags":[],"class_list":["post-5521","post","type-post","status-publish","format-standard","has-post-thumbnail","hentry","category-non-classifiee"],"acf":[],"yoast_head":"<!-- This site is optimized with the Yoast SEO plugin v27.4 - https:\/\/yoast.com\/product\/yoast-seo-wordpress\/ -->\n<title>R\u00e9unions des ligues et r\u00e9union des pr\u00e9sidents le samedi 8 novembre 2025 - SBSF | Swiss Baseball &amp; Softball Federation<\/title>\n<meta name=\"robots\" content=\"index, follow, max-snippet:-1, max-image-preview:large, max-video-preview:-1\" \/>\n<link rel=\"canonical\" href=\"https:\/\/www.swiss-baseball.ch\/fr\/news\/reunions-des-ligues-et-reunion-des-presidents-le-samedi-8-novembre-2025\/\" \/>\n<meta property=\"og:locale\" content=\"fr_FR\" \/>\n<meta property=\"og:type\" content=\"article\" \/>\n<meta property=\"og:title\" content=\"R\u00e9unions des ligues et r\u00e9union des pr\u00e9sidents le samedi 8 novembre 2025 - SBSF | Swiss Baseball &amp; Softball Federation\" \/>\n<meta property=\"og:description\" content=\"Les r\u00e9unions des ligues et la r\u00e9union des pr\u00e9sidents 2025 auront lieu le samedi 8 novembre 2025 . Lieu : Crowne Plaza Zurich, Badenerstrasse 420, 8040 Zurich. 10h00 &#8211; 12h30 R\u00e9union des ligues junior, salle Ammann 10h00 &#8211; 12h30 R\u00e9union de la ligue r\u00e9gionale, salle B\u00fcrkli 12h30 &#8211; 15h00 R\u00e9union de la ligue de softball [&hellip;]\" \/>\n<meta property=\"og:url\" content=\"https:\/\/www.swiss-baseball.ch\/fr\/news\/reunions-des-ligues-et-reunion-des-presidents-le-samedi-8-novembre-2025\/\" \/>\n<meta property=\"og:site_name\" content=\"SBSF | Swiss Baseball &amp; Softball Federation\" \/>\n<meta property=\"article:published_time\" content=\"2025-10-13T12:55:41+00:00\" \/>\n<meta property=\"article:modified_time\" content=\"2025-11-18T22:22:23+00:00\" \/>\n<meta property=\"og:image\" content=\"https:\/\/www.swiss-baseball.ch\/wp-content\/uploads\/2025\/02\/sbsf-Logo-klein.jpg\" \/>\n\t<meta property=\"og:image:width\" content=\"2481\" \/>\n\t<meta property=\"og:image:height\" content=\"1358\" \/>\n\t<meta property=\"og:image:type\" content=\"image\/jpeg\" \/>\n<meta name=\"author\" content=\"monique\" \/>\n<meta name=\"twitter:card\" content=\"summary_large_image\" \/>\n<meta name=\"twitter:label1\" content=\"\u00c9crit par\" \/>\n\t<meta name=\"twitter:data1\" content=\"monique\" \/>\n\t<meta name=\"twitter:label2\" content=\"Dur\u00e9e de lecture estim\u00e9e\" \/>\n\t<meta name=\"twitter:data2\" content=\"1 minute\" \/>\n<script type=\"application\/ld+json\" class=\"yoast-schema-graph\">{\"@context\":\"https:\\\/\\\/schema.org\",\"@graph\":[{\"@type\":\"Article\",\"@id\":\"https:\\\/\\\/www.swiss-baseball.ch\\\/fr\\\/news\\\/reunions-des-ligues-et-reunion-des-presidents-le-samedi-8-novembre-2025\\\/#article\",\"isPartOf\":{\"@id\":\"https:\\\/\\\/www.swiss-baseball.ch\\\/fr\\\/news\\\/reunions-des-ligues-et-reunion-des-presidents-le-samedi-8-novembre-2025\\\/\"},\"author\":{\"name\":\"monique\",\"@id\":\"https:\\\/\\\/www.swiss-baseball.ch\\\/fr\\\/#\\\/schema\\\/person\\\/be5da9594aa99f26459a86b260fb6d32\"},\"headline\":\"R\u00e9unions des ligues et r\u00e9union des pr\u00e9sidents le samedi 8 novembre 2025\",\"datePublished\":\"2025-10-13T12:55:41+00:00\",\"dateModified\":\"2025-11-18T22:22:23+00:00\",\"mainEntityOfPage\":{\"@id\":\"https:\\\/\\\/www.swiss-baseball.ch\\\/fr\\\/news\\\/reunions-des-ligues-et-reunion-des-presidents-le-samedi-8-novembre-2025\\\/\"},\"wordCount\":133,\"commentCount\":0,\"image\":{\"@id\":\"https:\\\/\\\/www.swiss-baseball.ch\\\/fr\\\/news\\\/reunions-des-ligues-et-reunion-des-presidents-le-samedi-8-novembre-2025\\\/#primaryimage\"},\"thumbnailUrl\":\"https:\\\/\\\/www.swiss-baseball.ch\\\/wp-content\\\/uploads\\\/2025\\\/02\\\/sbsf-Logo-klein.jpg\",\"articleSection\":[\"Events\"],\"inLanguage\":\"fr-FR\",\"potentialAction\":[{\"@type\":\"CommentAction\",\"name\":\"Comment\",\"target\":[\"https:\\\/\\\/www.swiss-baseball.ch\\\/fr\\\/news\\\/reunions-des-ligues-et-reunion-des-presidents-le-samedi-8-novembre-2025\\\/#respond\"]}]},{\"@type\":\"WebPage\",\"@id\":\"https:\\\/\\\/www.swiss-baseball.ch\\\/fr\\\/news\\\/reunions-des-ligues-et-reunion-des-presidents-le-samedi-8-novembre-2025\\\/\",\"url\":\"https:\\\/\\\/www.swiss-baseball.ch\\\/fr\\\/news\\\/reunions-des-ligues-et-reunion-des-presidents-le-samedi-8-novembre-2025\\\/\",\"name\":\"R\u00e9unions des ligues et r\u00e9union des pr\u00e9sidents le samedi 8 novembre 2025 - SBSF | Swiss Baseball &amp; Softball Federation\",\"isPartOf\":{\"@id\":\"https:\\\/\\\/www.swiss-baseball.ch\\\/fr\\\/#website\"},\"primaryImageOfPage\":{\"@id\":\"https:\\\/\\\/www.swiss-baseball.ch\\\/fr\\\/news\\\/reunions-des-ligues-et-reunion-des-presidents-le-samedi-8-novembre-2025\\\/#primaryimage\"},\"image\":{\"@id\":\"https:\\\/\\\/www.swiss-baseball.ch\\\/fr\\\/news\\\/reunions-des-ligues-et-reunion-des-presidents-le-samedi-8-novembre-2025\\\/#primaryimage\"},\"thumbnailUrl\":\"https:\\\/\\\/www.swiss-baseball.ch\\\/wp-content\\\/uploads\\\/2025\\\/02\\\/sbsf-Logo-klein.jpg\",\"datePublished\":\"2025-10-13T12:55:41+00:00\",\"dateModified\":\"2025-11-18T22:22:23+00:00\",\"author\":{\"@id\":\"https:\\\/\\\/www.swiss-baseball.ch\\\/fr\\\/#\\\/schema\\\/person\\\/be5da9594aa99f26459a86b260fb6d32\"},\"breadcrumb\":{\"@id\":\"https:\\\/\\\/www.swiss-baseball.ch\\\/fr\\\/news\\\/reunions-des-ligues-et-reunion-des-presidents-le-samedi-8-novembre-2025\\\/#breadcrumb\"},\"inLanguage\":\"fr-FR\",\"potentialAction\":[{\"@type\":\"ReadAction\",\"target\":[\"https:\\\/\\\/www.swiss-baseball.ch\\\/fr\\\/news\\\/reunions-des-ligues-et-reunion-des-presidents-le-samedi-8-novembre-2025\\\/\"]}]},{\"@type\":\"ImageObject\",\"inLanguage\":\"fr-FR\",\"@id\":\"https:\\\/\\\/www.swiss-baseball.ch\\\/fr\\\/news\\\/reunions-des-ligues-et-reunion-des-presidents-le-samedi-8-novembre-2025\\\/#primaryimage\",\"url\":\"https:\\\/\\\/www.swiss-baseball.ch\\\/wp-content\\\/uploads\\\/2025\\\/02\\\/sbsf-Logo-klein.jpg\",\"contentUrl\":\"https:\\\/\\\/www.swiss-baseball.ch\\\/wp-content\\\/uploads\\\/2025\\\/02\\\/sbsf-Logo-klein.jpg\",\"width\":2481,\"height\":1358},{\"@type\":\"BreadcrumbList\",\"@id\":\"https:\\\/\\\/www.swiss-baseball.ch\\\/fr\\\/news\\\/reunions-des-ligues-et-reunion-des-presidents-le-samedi-8-novembre-2025\\\/#breadcrumb\",\"itemListElement\":[{\"@type\":\"ListItem\",\"position\":1,\"name\":\"Home\",\"item\":\"https:\\\/\\\/www.swiss-baseball.ch\\\/fr\\\/\"},{\"@type\":\"ListItem\",\"position\":2,\"name\":\"R\u00e9unions des ligues et r\u00e9union des pr\u00e9sidents le samedi 8 novembre 2025\"}]},{\"@type\":\"WebSite\",\"@id\":\"https:\\\/\\\/www.swiss-baseball.ch\\\/fr\\\/#website\",\"url\":\"https:\\\/\\\/www.swiss-baseball.ch\\\/fr\\\/\",\"name\":\"SBSF | Swiss Baseball &amp; Softball Federation\",\"description\":\"\",\"potentialAction\":[{\"@type\":\"SearchAction\",\"target\":{\"@type\":\"EntryPoint\",\"urlTemplate\":\"https:\\\/\\\/www.swiss-baseball.ch\\\/fr\\\/?s={search_term_string}\"},\"query-input\":{\"@type\":\"PropertyValueSpecification\",\"valueRequired\":true,\"valueName\":\"search_term_string\"}}],\"inLanguage\":\"fr-FR\"},{\"@type\":\"Person\",\"@id\":\"https:\\\/\\\/www.swiss-baseball.ch\\\/fr\\\/#\\\/schema\\\/person\\\/be5da9594aa99f26459a86b260fb6d32\",\"name\":\"monique\",\"image\":{\"@type\":\"ImageObject\",\"inLanguage\":\"fr-FR\",\"@id\":\"https:\\\/\\\/secure.gravatar.com\\\/avatar\\\/686df6c31cf50e7033c5ccc6f9219c42ae1d9f87f58d574410439a673d999be6?s=96&d=mm&r=g\",\"url\":\"https:\\\/\\\/secure.gravatar.com\\\/avatar\\\/686df6c31cf50e7033c5ccc6f9219c42ae1d9f87f58d574410439a673d999be6?s=96&d=mm&r=g\",\"contentUrl\":\"https:\\\/\\\/secure.gravatar.com\\\/avatar\\\/686df6c31cf50e7033c5ccc6f9219c42ae1d9f87f58d574410439a673d999be6?s=96&d=mm&r=g\",\"caption\":\"monique\"},\"url\":\"https:\\\/\\\/www.swiss-baseball.ch\\\/fr\\\/news\\\/author\\\/monique\\\/\"}]}<\/script>\n<!-- \/ Yoast SEO plugin. -->","yoast_head_json":{"title":"R\u00e9unions des ligues et r\u00e9union des pr\u00e9sidents le samedi 8 novembre 2025 - SBSF | Swiss Baseball &amp; Softball Federation","robots":{"index":"index","follow":"follow","max-snippet":"max-snippet:-1","max-image-preview":"max-image-preview:large","max-video-preview":"max-video-preview:-1"},"canonical":"https:\/\/www.swiss-baseball.ch\/fr\/news\/reunions-des-ligues-et-reunion-des-presidents-le-samedi-8-novembre-2025\/","og_locale":"fr_FR","og_type":"article","og_title":"R\u00e9unions des ligues et r\u00e9union des pr\u00e9sidents le samedi 8 novembre 2025 - SBSF | Swiss Baseball &amp; Softball Federation","og_description":"Les r\u00e9unions des ligues et la r\u00e9union des pr\u00e9sidents 2025 auront lieu le samedi 8 novembre 2025 . Lieu : Crowne Plaza Zurich, Badenerstrasse 420, 8040 Zurich. 10h00 &#8211; 12h30 R\u00e9union des ligues junior, salle Ammann 10h00 &#8211; 12h30 R\u00e9union de la ligue r\u00e9gionale, salle B\u00fcrkli 12h30 &#8211; 15h00 R\u00e9union de la ligue de softball [&hellip;]","og_url":"https:\/\/www.swiss-baseball.ch\/fr\/news\/reunions-des-ligues-et-reunion-des-presidents-le-samedi-8-novembre-2025\/","og_site_name":"SBSF | Swiss Baseball &amp; Softball Federation","article_published_time":"2025-10-13T12:55:41+00:00","article_modified_time":"2025-11-18T22:22:23+00:00","og_image":[{"width":2481,"height":1358,"url":"https:\/\/www.swiss-baseball.ch\/wp-content\/uploads\/2025\/02\/sbsf-Logo-klein.jpg","type":"image\/jpeg"}],"author":"monique","twitter_card":"summary_large_image","twitter_misc":{"\u00c9crit par":"monique","Dur\u00e9e de lecture estim\u00e9e":"1 minute"},"schema":{"@context":"https:\/\/schema.org","@graph":[{"@type":"Article","@id":"https:\/\/www.swiss-baseball.ch\/fr\/news\/reunions-des-ligues-et-reunion-des-presidents-le-samedi-8-novembre-2025\/#article","isPartOf":{"@id":"https:\/\/www.swiss-baseball.ch\/fr\/news\/reunions-des-ligues-et-reunion-des-presidents-le-samedi-8-novembre-2025\/"},"author":{"name":"monique","@id":"https:\/\/www.swiss-baseball.ch\/fr\/#\/schema\/person\/be5da9594aa99f26459a86b260fb6d32"},"headline":"R\u00e9unions des ligues et r\u00e9union des pr\u00e9sidents le samedi 8 novembre 2025","datePublished":"2025-10-13T12:55:41+00:00","dateModified":"2025-11-18T22:22:23+00:00","mainEntityOfPage":{"@id":"https:\/\/www.swiss-baseball.ch\/fr\/news\/reunions-des-ligues-et-reunion-des-presidents-le-samedi-8-novembre-2025\/"},"wordCount":133,"commentCount":0,"image":{"@id":"https:\/\/www.swiss-baseball.ch\/fr\/news\/reunions-des-ligues-et-reunion-des-presidents-le-samedi-8-novembre-2025\/#primaryimage"},"thumbnailUrl":"https:\/\/www.swiss-baseball.ch\/wp-content\/uploads\/2025\/02\/sbsf-Logo-klein.jpg","articleSection":["Events"],"inLanguage":"fr-FR","potentialAction":[{"@type":"CommentAction","name":"Comment","target":["https:\/\/www.swiss-baseball.ch\/fr\/news\/reunions-des-ligues-et-reunion-des-presidents-le-samedi-8-novembre-2025\/#respond"]}]},{"@type":"WebPage","@id":"https:\/\/www.swiss-baseball.ch\/fr\/news\/reunions-des-ligues-et-reunion-des-presidents-le-samedi-8-novembre-2025\/","url":"https:\/\/www.swiss-baseball.ch\/fr\/news\/reunions-des-ligues-et-reunion-des-presidents-le-samedi-8-novembre-2025\/","name":"R\u00e9unions des ligues et r\u00e9union des pr\u00e9sidents le samedi 8 novembre 2025 - SBSF | Swiss Baseball &amp; Softball Federation","isPartOf":{"@id":"https:\/\/www.swiss-baseball.ch\/fr\/#website"},"primaryImageOfPage":{"@id":"https:\/\/www.swiss-baseball.ch\/fr\/news\/reunions-des-ligues-et-reunion-des-presidents-le-samedi-8-novembre-2025\/#primaryimage"},"image":{"@id":"https:\/\/www.swiss-baseball.ch\/fr\/news\/reunions-des-ligues-et-reunion-des-presidents-le-samedi-8-novembre-2025\/#primaryimage"},"thumbnailUrl":"https:\/\/www.swiss-baseball.ch\/wp-content\/uploads\/2025\/02\/sbsf-Logo-klein.jpg","datePublished":"2025-10-13T12:55:41+00:00","dateModified":"2025-11-18T22:22:23+00:00","author":{"@id":"https:\/\/www.swiss-baseball.ch\/fr\/#\/schema\/person\/be5da9594aa99f26459a86b260fb6d32"},"breadcrumb":{"@id":"https:\/\/www.swiss-baseball.ch\/fr\/news\/reunions-des-ligues-et-reunion-des-presidents-le-samedi-8-novembre-2025\/#breadcrumb"},"inLanguage":"fr-FR","potentialAction":[{"@type":"ReadAction","target":["https:\/\/www.swiss-baseball.ch\/fr\/news\/reunions-des-ligues-et-reunion-des-presidents-le-samedi-8-novembre-2025\/"]}]},{"@type":"ImageObject","inLanguage":"fr-FR","@id":"https:\/\/www.swiss-baseball.ch\/fr\/news\/reunions-des-ligues-et-reunion-des-presidents-le-samedi-8-novembre-2025\/#primaryimage","url":"https:\/\/www.swiss-baseball.ch\/wp-content\/uploads\/2025\/02\/sbsf-Logo-klein.jpg","contentUrl":"https:\/\/www.swiss-baseball.ch\/wp-content\/uploads\/2025\/02\/sbsf-Logo-klein.jpg","width":2481,"height":1358},{"@type":"BreadcrumbList","@id":"https:\/\/www.swiss-baseball.ch\/fr\/news\/reunions-des-ligues-et-reunion-des-presidents-le-samedi-8-novembre-2025\/#breadcrumb","itemListElement":[{"@type":"ListItem","position":1,"name":"Home","item":"https:\/\/www.swiss-baseball.ch\/fr\/"},{"@type":"ListItem","position":2,"name":"R\u00e9unions des ligues et r\u00e9union des pr\u00e9sidents le samedi 8 novembre 2025"}]},{"@type":"WebSite","@id":"https:\/\/www.swiss-baseball.ch\/fr\/#website","url":"https:\/\/www.swiss-baseball.ch\/fr\/","name":"SBSF | Swiss Baseball &amp; Softball Federation","description":"","potentialAction":[{"@type":"SearchAction","target":{"@type":"EntryPoint","urlTemplate":"https:\/\/www.swiss-baseball.ch\/fr\/?s={search_term_string}"},"query-input":{"@type":"PropertyValueSpecification","valueRequired":true,"valueName":"search_term_string"}}],"inLanguage":"fr-FR"},{"@type":"Person","@id":"https:\/\/www.swiss-baseball.ch\/fr\/#\/schema\/person\/be5da9594aa99f26459a86b260fb6d32","name":"monique","image":{"@type":"ImageObject","inLanguage":"fr-FR","@id":"https:\/\/secure.gravatar.com\/avatar\/686df6c31cf50e7033c5ccc6f9219c42ae1d9f87f58d574410439a673d999be6?s=96&d=mm&r=g","url":"https:\/\/secure.gravatar.com\/avatar\/686df6c31cf50e7033c5ccc6f9219c42ae1d9f87f58d574410439a673d999be6?s=96&d=mm&r=g","contentUrl":"https:\/\/secure.gravatar.com\/avatar\/686df6c31cf50e7033c5ccc6f9219c42ae1d9f87f58d574410439a673d999be6?s=96&d=mm&r=g","caption":"monique"},"url":"https:\/\/www.swiss-baseball.ch\/fr\/news\/author\/monique\/"}]}},"_links":{"self":[{"href":"https:\/\/www.swiss-baseball.ch\/fr\/wp-json\/wp\/v2\/posts\/5521","targetHints":{"allow":["GET"]}}],"collection":[{"href":"https:\/\/www.swiss-baseball.ch\/fr\/wp-json\/wp\/v2\/posts"}],"about":[{"href":"https:\/\/www.swiss-baseball.ch\/fr\/wp-json\/wp\/v2\/types\/post"}],"author":[{"embeddable":true,"href":"https:\/\/www.swiss-baseball.ch\/fr\/wp-json\/wp\/v2\/users\/2"}],"replies":[{"embeddable":true,"href":"https:\/\/www.swiss-baseball.ch\/fr\/wp-json\/wp\/v2\/comments?post=5521"}],"version-history":[{"count":2,"href":"https:\/\/www.swiss-baseball.ch\/fr\/wp-json\/wp\/v2\/posts\/5521\/revisions"}],"predecessor-version":[{"id":5524,"href":"https:\/\/www.swiss-baseball.ch\/fr\/wp-json\/wp\/v2\/posts\/5521\/revisions\/5524"}],"wp:featuredmedia":[{"embeddable":true,"href":"https:\/\/www.swiss-baseball.ch\/fr\/wp-json\/wp\/v2\/media\/4587"}],"wp:attachment":[{"href":"https:\/\/www.swiss-baseball.ch\/fr\/wp-json\/wp\/v2\/media?parent=5521"}],"wp:term":[{"taxonomy":"category","embeddable":true,"href":"https:\/\/www.swiss-baseball.ch\/fr\/wp-json\/wp\/v2\/categories?post=5521"},{"taxonomy":"post_tag","embeddable":true,"href":"https:\/\/www.swiss-baseball.ch\/fr\/wp-json\/wp\/v2\/tags?post=5521"}],"curies":[{"name":"wp","href":"https:\/\/api.w.org\/{rel}","templated":true}]}}