{"id":5087,"date":"2025-05-22T23:50:02","date_gmt":"2025-05-22T21:50:02","guid":{"rendered":"https:\/\/www.swiss-baseball.ch\/?p=5087"},"modified":"2025-05-22T23:55:49","modified_gmt":"2025-05-22T21:55:49","slug":"swiss-little-league-finals-in-therwil","status":"publish","type":"post","link":"https:\/\/www.swiss-baseball.ch\/fr\/news\/swiss-little-league-finals-in-therwil\/","title":{"rendered":"Swiss Little League Finals in Therwil"},"content":{"rendered":"<p><strong>31.5.2025 Swiss Little League &lsquo;Major&rsquo; Finals in Therwil\u00a0<\/strong><\/p>\n<p>Team Ost vs. Team West<\/p>\n<p>sponsored by <a href=\"https:\/\/www.swiss-baseball.ch\/news\/gosselin-moving-bleibt-sponsor\/\" target=\"_blank\" rel=\"noopener\">Gosselin-Moving.com<\/a><\/p>\n<p>&nbsp;<\/p>\n<p><a href=\"https:\/\/www.swiss-baseball.ch\/news\/gosselin-moving-bleibt-sponsor\/\" target=\"_blank\" rel=\"noopener\"><img loading=\"lazy\" decoding=\"async\" class=\"alignnone size-full wp-image-2161\" src=\"https:\/\/www.swiss-baseball.ch\/wp-content\/uploads\/2024\/01\/gosselin_Q.jpg\" alt=\"\" width=\"945\" height=\"210\" srcset=\"https:\/\/www.swiss-baseball.ch\/wp-content\/uploads\/2024\/01\/gosselin_Q.jpg 945w, https:\/\/www.swiss-baseball.ch\/wp-content\/uploads\/2024\/01\/gosselin_Q-300x67.jpg 300w, https:\/\/www.swiss-baseball.ch\/wp-content\/uploads\/2024\/01\/gosselin_Q-768x171.jpg 768w\" sizes=\"auto, (max-width: 945px) 100vw, 945px\" \/><\/a><\/p>\n","protected":false},"excerpt":{"rendered":"<p>31.5.2025 Swiss Little League &lsquo;Major&rsquo; Finals in Therwil\u00a0 Team Ost vs. Team West sponsored by Gosselin-Moving.com &nbsp;<\/p>\n","protected":false},"author":3,"featured_media":5086,"comment_status":"open","ping_status":"open","sticky":false,"template":"","format":"standard","meta":{"_acf_changed":false,"footnotes":""},"categories":[33],"tags":[],"class_list":["post-5087","post","type-post","status-publish","format-standard","has-post-thumbnail","hentry","category-non-classifiee"],"acf":[],"yoast_head":"<!-- This site is optimized with the Yoast SEO plugin v27.4 - https:\/\/yoast.com\/product\/yoast-seo-wordpress\/ -->\n<title>Swiss Little League Finals in Therwil - SBSF | Swiss Baseball &amp; Softball Federation<\/title>\n<meta name=\"robots\" content=\"index, follow, max-snippet:-1, max-image-preview:large, max-video-preview:-1\" \/>\n<link rel=\"canonical\" href=\"https:\/\/www.swiss-baseball.ch\/fr\/news\/swiss-little-league-finals-in-therwil\/\" \/>\n<meta property=\"og:locale\" content=\"fr_FR\" \/>\n<meta property=\"og:type\" content=\"article\" \/>\n<meta property=\"og:title\" content=\"Swiss Little League Finals in Therwil - SBSF | Swiss Baseball &amp; Softball Federation\" \/>\n<meta property=\"og:description\" content=\"31.5.2025 Swiss Little League &lsquo;Major&rsquo; Finals in Therwil\u00a0 Team Ost vs. Team West sponsored by Gosselin-Moving.com &nbsp;\" \/>\n<meta property=\"og:url\" content=\"https:\/\/www.swiss-baseball.ch\/fr\/news\/swiss-little-league-finals-in-therwil\/\" \/>\n<meta property=\"og:site_name\" content=\"SBSF | Swiss Baseball &amp; Softball Federation\" \/>\n<meta property=\"article:published_time\" content=\"2025-05-22T21:50:02+00:00\" \/>\n<meta property=\"article:modified_time\" content=\"2025-05-22T21:55:49+00:00\" \/>\n<meta property=\"og:image\" content=\"https:\/\/www.swiss-baseball.ch\/wp-content\/uploads\/2025\/05\/Swiss-Little-League-Logo-weiss-breit-mit-Gosselin.jpg\" \/>\n\t<meta property=\"og:image:width\" content=\"1604\" \/>\n\t<meta property=\"og:image:height\" content=\"719\" \/>\n\t<meta property=\"og:image:type\" content=\"image\/jpeg\" \/>\n<meta name=\"author\" content=\"sebastian\" \/>\n<meta name=\"twitter:card\" content=\"summary_large_image\" \/>\n<meta name=\"twitter:label1\" content=\"\u00c9crit par\" \/>\n\t<meta name=\"twitter:data1\" content=\"sebastian\" \/>\n\t<meta name=\"twitter:label2\" content=\"Dur\u00e9e de lecture estim\u00e9e\" \/>\n\t<meta name=\"twitter:data2\" content=\"1 minute\" \/>\n<script type=\"application\/ld+json\" class=\"yoast-schema-graph\">{\"@context\":\"https:\\\/\\\/schema.org\",\"@graph\":[{\"@type\":\"Article\",\"@id\":\"https:\\\/\\\/www.swiss-baseball.ch\\\/fr\\\/news\\\/swiss-little-league-finals-in-therwil\\\/#article\",\"isPartOf\":{\"@id\":\"https:\\\/\\\/www.swiss-baseball.ch\\\/fr\\\/news\\\/swiss-little-league-finals-in-therwil\\\/\"},\"author\":{\"name\":\"sebastian\",\"@id\":\"https:\\\/\\\/www.swiss-baseball.ch\\\/fr\\\/#\\\/schema\\\/person\\\/b3cfaba2af47cf36c3cad00a04cdaf0e\"},\"headline\":\"Swiss Little League Finals in Therwil\",\"datePublished\":\"2025-05-22T21:50:02+00:00\",\"dateModified\":\"2025-05-22T21:55:49+00:00\",\"mainEntityOfPage\":{\"@id\":\"https:\\\/\\\/www.swiss-baseball.ch\\\/fr\\\/news\\\/swiss-little-league-finals-in-therwil\\\/\"},\"wordCount\":23,\"commentCount\":0,\"image\":{\"@id\":\"https:\\\/\\\/www.swiss-baseball.ch\\\/fr\\\/news\\\/swiss-little-league-finals-in-therwil\\\/#primaryimage\"},\"thumbnailUrl\":\"https:\\\/\\\/www.swiss-baseball.ch\\\/wp-content\\\/uploads\\\/2025\\\/05\\\/Swiss-Little-League-Logo-weiss-breit-mit-Gosselin.jpg\",\"articleSection\":[\"Events\"],\"inLanguage\":\"fr-FR\",\"potentialAction\":[{\"@type\":\"CommentAction\",\"name\":\"Comment\",\"target\":[\"https:\\\/\\\/www.swiss-baseball.ch\\\/fr\\\/news\\\/swiss-little-league-finals-in-therwil\\\/#respond\"]}]},{\"@type\":\"WebPage\",\"@id\":\"https:\\\/\\\/www.swiss-baseball.ch\\\/fr\\\/news\\\/swiss-little-league-finals-in-therwil\\\/\",\"url\":\"https:\\\/\\\/www.swiss-baseball.ch\\\/fr\\\/news\\\/swiss-little-league-finals-in-therwil\\\/\",\"name\":\"Swiss Little League Finals in Therwil - SBSF | Swiss Baseball &amp; Softball Federation\",\"isPartOf\":{\"@id\":\"https:\\\/\\\/www.swiss-baseball.ch\\\/fr\\\/#website\"},\"primaryImageOfPage\":{\"@id\":\"https:\\\/\\\/www.swiss-baseball.ch\\\/fr\\\/news\\\/swiss-little-league-finals-in-therwil\\\/#primaryimage\"},\"image\":{\"@id\":\"https:\\\/\\\/www.swiss-baseball.ch\\\/fr\\\/news\\\/swiss-little-league-finals-in-therwil\\\/#primaryimage\"},\"thumbnailUrl\":\"https:\\\/\\\/www.swiss-baseball.ch\\\/wp-content\\\/uploads\\\/2025\\\/05\\\/Swiss-Little-League-Logo-weiss-breit-mit-Gosselin.jpg\",\"datePublished\":\"2025-05-22T21:50:02+00:00\",\"dateModified\":\"2025-05-22T21:55:49+00:00\",\"author\":{\"@id\":\"https:\\\/\\\/www.swiss-baseball.ch\\\/fr\\\/#\\\/schema\\\/person\\\/b3cfaba2af47cf36c3cad00a04cdaf0e\"},\"breadcrumb\":{\"@id\":\"https:\\\/\\\/www.swiss-baseball.ch\\\/fr\\\/news\\\/swiss-little-league-finals-in-therwil\\\/#breadcrumb\"},\"inLanguage\":\"fr-FR\",\"potentialAction\":[{\"@type\":\"ReadAction\",\"target\":[\"https:\\\/\\\/www.swiss-baseball.ch\\\/fr\\\/news\\\/swiss-little-league-finals-in-therwil\\\/\"]}]},{\"@type\":\"ImageObject\",\"inLanguage\":\"fr-FR\",\"@id\":\"https:\\\/\\\/www.swiss-baseball.ch\\\/fr\\\/news\\\/swiss-little-league-finals-in-therwil\\\/#primaryimage\",\"url\":\"https:\\\/\\\/www.swiss-baseball.ch\\\/wp-content\\\/uploads\\\/2025\\\/05\\\/Swiss-Little-League-Logo-weiss-breit-mit-Gosselin.jpg\",\"contentUrl\":\"https:\\\/\\\/www.swiss-baseball.ch\\\/wp-content\\\/uploads\\\/2025\\\/05\\\/Swiss-Little-League-Logo-weiss-breit-mit-Gosselin.jpg\",\"width\":1604,\"height\":719},{\"@type\":\"BreadcrumbList\",\"@id\":\"https:\\\/\\\/www.swiss-baseball.ch\\\/fr\\\/news\\\/swiss-little-league-finals-in-therwil\\\/#breadcrumb\",\"itemListElement\":[{\"@type\":\"ListItem\",\"position\":1,\"name\":\"Home\",\"item\":\"https:\\\/\\\/www.swiss-baseball.ch\\\/fr\\\/\"},{\"@type\":\"ListItem\",\"position\":2,\"name\":\"Swiss Little League Finals in Therwil\"}]},{\"@type\":\"WebSite\",\"@id\":\"https:\\\/\\\/www.swiss-baseball.ch\\\/fr\\\/#website\",\"url\":\"https:\\\/\\\/www.swiss-baseball.ch\\\/fr\\\/\",\"name\":\"SBSF | Swiss Baseball &amp; Softball Federation\",\"description\":\"\",\"potentialAction\":[{\"@type\":\"SearchAction\",\"target\":{\"@type\":\"EntryPoint\",\"urlTemplate\":\"https:\\\/\\\/www.swiss-baseball.ch\\\/fr\\\/?s={search_term_string}\"},\"query-input\":{\"@type\":\"PropertyValueSpecification\",\"valueRequired\":true,\"valueName\":\"search_term_string\"}}],\"inLanguage\":\"fr-FR\"},{\"@type\":\"Person\",\"@id\":\"https:\\\/\\\/www.swiss-baseball.ch\\\/fr\\\/#\\\/schema\\\/person\\\/b3cfaba2af47cf36c3cad00a04cdaf0e\",\"name\":\"sebastian\",\"image\":{\"@type\":\"ImageObject\",\"inLanguage\":\"fr-FR\",\"@id\":\"https:\\\/\\\/secure.gravatar.com\\\/avatar\\\/7438428ffff3dc6f927232e4bec1a00a06b4fa42eabde4501fac556710b365d5?s=96&d=mm&r=g\",\"url\":\"https:\\\/\\\/secure.gravatar.com\\\/avatar\\\/7438428ffff3dc6f927232e4bec1a00a06b4fa42eabde4501fac556710b365d5?s=96&d=mm&r=g\",\"contentUrl\":\"https:\\\/\\\/secure.gravatar.com\\\/avatar\\\/7438428ffff3dc6f927232e4bec1a00a06b4fa42eabde4501fac556710b365d5?s=96&d=mm&r=g\",\"caption\":\"sebastian\"},\"url\":\"https:\\\/\\\/www.swiss-baseball.ch\\\/fr\\\/news\\\/author\\\/sebastian\\\/\"}]}<\/script>\n<!-- \/ Yoast SEO plugin. -->","yoast_head_json":{"title":"Swiss Little League Finals in Therwil - SBSF | Swiss Baseball &amp; Softball Federation","robots":{"index":"index","follow":"follow","max-snippet":"max-snippet:-1","max-image-preview":"max-image-preview:large","max-video-preview":"max-video-preview:-1"},"canonical":"https:\/\/www.swiss-baseball.ch\/fr\/news\/swiss-little-league-finals-in-therwil\/","og_locale":"fr_FR","og_type":"article","og_title":"Swiss Little League Finals in Therwil - SBSF | Swiss Baseball &amp; Softball Federation","og_description":"31.5.2025 Swiss Little League &lsquo;Major&rsquo; Finals in Therwil\u00a0 Team Ost vs. Team West sponsored by Gosselin-Moving.com &nbsp;","og_url":"https:\/\/www.swiss-baseball.ch\/fr\/news\/swiss-little-league-finals-in-therwil\/","og_site_name":"SBSF | Swiss Baseball &amp; Softball Federation","article_published_time":"2025-05-22T21:50:02+00:00","article_modified_time":"2025-05-22T21:55:49+00:00","og_image":[{"width":1604,"height":719,"url":"https:\/\/www.swiss-baseball.ch\/wp-content\/uploads\/2025\/05\/Swiss-Little-League-Logo-weiss-breit-mit-Gosselin.jpg","type":"image\/jpeg"}],"author":"sebastian","twitter_card":"summary_large_image","twitter_misc":{"\u00c9crit par":"sebastian","Dur\u00e9e de lecture estim\u00e9e":"1 minute"},"schema":{"@context":"https:\/\/schema.org","@graph":[{"@type":"Article","@id":"https:\/\/www.swiss-baseball.ch\/fr\/news\/swiss-little-league-finals-in-therwil\/#article","isPartOf":{"@id":"https:\/\/www.swiss-baseball.ch\/fr\/news\/swiss-little-league-finals-in-therwil\/"},"author":{"name":"sebastian","@id":"https:\/\/www.swiss-baseball.ch\/fr\/#\/schema\/person\/b3cfaba2af47cf36c3cad00a04cdaf0e"},"headline":"Swiss Little League Finals in Therwil","datePublished":"2025-05-22T21:50:02+00:00","dateModified":"2025-05-22T21:55:49+00:00","mainEntityOfPage":{"@id":"https:\/\/www.swiss-baseball.ch\/fr\/news\/swiss-little-league-finals-in-therwil\/"},"wordCount":23,"commentCount":0,"image":{"@id":"https:\/\/www.swiss-baseball.ch\/fr\/news\/swiss-little-league-finals-in-therwil\/#primaryimage"},"thumbnailUrl":"https:\/\/www.swiss-baseball.ch\/wp-content\/uploads\/2025\/05\/Swiss-Little-League-Logo-weiss-breit-mit-Gosselin.jpg","articleSection":["Events"],"inLanguage":"fr-FR","potentialAction":[{"@type":"CommentAction","name":"Comment","target":["https:\/\/www.swiss-baseball.ch\/fr\/news\/swiss-little-league-finals-in-therwil\/#respond"]}]},{"@type":"WebPage","@id":"https:\/\/www.swiss-baseball.ch\/fr\/news\/swiss-little-league-finals-in-therwil\/","url":"https:\/\/www.swiss-baseball.ch\/fr\/news\/swiss-little-league-finals-in-therwil\/","name":"Swiss Little League Finals in Therwil - SBSF | Swiss Baseball &amp; Softball Federation","isPartOf":{"@id":"https:\/\/www.swiss-baseball.ch\/fr\/#website"},"primaryImageOfPage":{"@id":"https:\/\/www.swiss-baseball.ch\/fr\/news\/swiss-little-league-finals-in-therwil\/#primaryimage"},"image":{"@id":"https:\/\/www.swiss-baseball.ch\/fr\/news\/swiss-little-league-finals-in-therwil\/#primaryimage"},"thumbnailUrl":"https:\/\/www.swiss-baseball.ch\/wp-content\/uploads\/2025\/05\/Swiss-Little-League-Logo-weiss-breit-mit-Gosselin.jpg","datePublished":"2025-05-22T21:50:02+00:00","dateModified":"2025-05-22T21:55:49+00:00","author":{"@id":"https:\/\/www.swiss-baseball.ch\/fr\/#\/schema\/person\/b3cfaba2af47cf36c3cad00a04cdaf0e"},"breadcrumb":{"@id":"https:\/\/www.swiss-baseball.ch\/fr\/news\/swiss-little-league-finals-in-therwil\/#breadcrumb"},"inLanguage":"fr-FR","potentialAction":[{"@type":"ReadAction","target":["https:\/\/www.swiss-baseball.ch\/fr\/news\/swiss-little-league-finals-in-therwil\/"]}]},{"@type":"ImageObject","inLanguage":"fr-FR","@id":"https:\/\/www.swiss-baseball.ch\/fr\/news\/swiss-little-league-finals-in-therwil\/#primaryimage","url":"https:\/\/www.swiss-baseball.ch\/wp-content\/uploads\/2025\/05\/Swiss-Little-League-Logo-weiss-breit-mit-Gosselin.jpg","contentUrl":"https:\/\/www.swiss-baseball.ch\/wp-content\/uploads\/2025\/05\/Swiss-Little-League-Logo-weiss-breit-mit-Gosselin.jpg","width":1604,"height":719},{"@type":"BreadcrumbList","@id":"https:\/\/www.swiss-baseball.ch\/fr\/news\/swiss-little-league-finals-in-therwil\/#breadcrumb","itemListElement":[{"@type":"ListItem","position":1,"name":"Home","item":"https:\/\/www.swiss-baseball.ch\/fr\/"},{"@type":"ListItem","position":2,"name":"Swiss Little League Finals in Therwil"}]},{"@type":"WebSite","@id":"https:\/\/www.swiss-baseball.ch\/fr\/#website","url":"https:\/\/www.swiss-baseball.ch\/fr\/","name":"SBSF | Swiss Baseball &amp; Softball Federation","description":"","potentialAction":[{"@type":"SearchAction","target":{"@type":"EntryPoint","urlTemplate":"https:\/\/www.swiss-baseball.ch\/fr\/?s={search_term_string}"},"query-input":{"@type":"PropertyValueSpecification","valueRequired":true,"valueName":"search_term_string"}}],"inLanguage":"fr-FR"},{"@type":"Person","@id":"https:\/\/www.swiss-baseball.ch\/fr\/#\/schema\/person\/b3cfaba2af47cf36c3cad00a04cdaf0e","name":"sebastian","image":{"@type":"ImageObject","inLanguage":"fr-FR","@id":"https:\/\/secure.gravatar.com\/avatar\/7438428ffff3dc6f927232e4bec1a00a06b4fa42eabde4501fac556710b365d5?s=96&d=mm&r=g","url":"https:\/\/secure.gravatar.com\/avatar\/7438428ffff3dc6f927232e4bec1a00a06b4fa42eabde4501fac556710b365d5?s=96&d=mm&r=g","contentUrl":"https:\/\/secure.gravatar.com\/avatar\/7438428ffff3dc6f927232e4bec1a00a06b4fa42eabde4501fac556710b365d5?s=96&d=mm&r=g","caption":"sebastian"},"url":"https:\/\/www.swiss-baseball.ch\/fr\/news\/author\/sebastian\/"}]}},"_links":{"self":[{"href":"https:\/\/www.swiss-baseball.ch\/fr\/wp-json\/wp\/v2\/posts\/5087","targetHints":{"allow":["GET"]}}],"collection":[{"href":"https:\/\/www.swiss-baseball.ch\/fr\/wp-json\/wp\/v2\/posts"}],"about":[{"href":"https:\/\/www.swiss-baseball.ch\/fr\/wp-json\/wp\/v2\/types\/post"}],"author":[{"embeddable":true,"href":"https:\/\/www.swiss-baseball.ch\/fr\/wp-json\/wp\/v2\/users\/3"}],"replies":[{"embeddable":true,"href":"https:\/\/www.swiss-baseball.ch\/fr\/wp-json\/wp\/v2\/comments?post=5087"}],"version-history":[{"count":1,"href":"https:\/\/www.swiss-baseball.ch\/fr\/wp-json\/wp\/v2\/posts\/5087\/revisions"}],"predecessor-version":[{"id":5088,"href":"https:\/\/www.swiss-baseball.ch\/fr\/wp-json\/wp\/v2\/posts\/5087\/revisions\/5088"}],"wp:featuredmedia":[{"embeddable":true,"href":"https:\/\/www.swiss-baseball.ch\/fr\/wp-json\/wp\/v2\/media\/5086"}],"wp:attachment":[{"href":"https:\/\/www.swiss-baseball.ch\/fr\/wp-json\/wp\/v2\/media?parent=5087"}],"wp:term":[{"taxonomy":"category","embeddable":true,"href":"https:\/\/www.swiss-baseball.ch\/fr\/wp-json\/wp\/v2\/categories?post=5087"},{"taxonomy":"post_tag","embeddable":true,"href":"https:\/\/www.swiss-baseball.ch\/fr\/wp-json\/wp\/v2\/tags?post=5087"}],"curies":[{"name":"wp","href":"https:\/\/api.w.org\/{rel}","templated":true}]}}