{"id":3785,"date":"2024-10-03T22:48:16","date_gmt":"2024-10-03T20:48:16","guid":{"rendered":"https:\/\/www.swiss-baseball.ch\/?p=3785"},"modified":"2024-10-03T22:49:32","modified_gmt":"2024-10-03T20:49:32","slug":"wbsc-epremier12-europe-qualifier","status":"publish","type":"post","link":"https:\/\/www.swiss-baseball.ch\/fr\/news\/wbsc-epremier12-europe-qualifier\/","title":{"rendered":"WBSC ePremier12 Europe Qualifier"},"content":{"rendered":"<p><strong><a href=\"https:\/\/www.wbsceurope.org\/en\/news\/italy-vs-switzerland-battle-for-european-ebaseball-premier12-qualification\" target=\"_blank\" rel=\"noopener\">WBSC ePremier12 Europe Qualifier<\/a> &#8211; <a href=\"https:\/\/www.fibs.it\/it\/news\/-fra-italia-e-svizzera-la-qualificazione-europea-per-lebaseball-premier12\" target=\"_blank\" rel=\"noopener\">Fibs.it<\/a><\/strong><\/p>\n<p>Ren\u00e9 Merkli alias &lsquo;Boomer_77&rsquo; am 5. Oktober in Udine Italien im Bluenergy Stadion<\/p>\n<p><iframe loading=\"lazy\" title=\"WBSC eBaseball\u2122\ufe0f Series 2024 | HUGAN ePremier12 Europe Qualifier Finals\" width=\"500\" height=\"281\" src=\"https:\/\/www.youtube.com\/embed\/z0KKAshdgXg?feature=oembed\" frameborder=\"0\" allow=\"accelerometer; autoplay; clipboard-write; encrypted-media; gyroscope; picture-in-picture; web-share\" referrerpolicy=\"strict-origin-when-cross-origin\" allowfullscreen><\/iframe><\/p>\n<p><img loading=\"lazy\" decoding=\"async\" class=\"alignnone size-full wp-image-3776\" src=\"https:\/\/www.swiss-baseball.ch\/wp-content\/uploads\/2024\/10\/IMG_8807.png\" alt=\"\" width=\"1250\" height=\"1250\" srcset=\"https:\/\/www.swiss-baseball.ch\/wp-content\/uploads\/2024\/10\/IMG_8807.png 1250w, https:\/\/www.swiss-baseball.ch\/wp-content\/uploads\/2024\/10\/IMG_8807-300x300.png 300w, https:\/\/www.swiss-baseball.ch\/wp-content\/uploads\/2024\/10\/IMG_8807-1024x1024.png 1024w, https:\/\/www.swiss-baseball.ch\/wp-content\/uploads\/2024\/10\/IMG_8807-150x150.png 150w, https:\/\/www.swiss-baseball.ch\/wp-content\/uploads\/2024\/10\/IMG_8807-768x768.png 768w\" sizes=\"auto, (max-width: 1250px) 100vw, 1250px\" \/> <img loading=\"lazy\" decoding=\"async\" class=\"alignnone size-full wp-image-3778\" src=\"https:\/\/www.swiss-baseball.ch\/wp-content\/uploads\/2024\/10\/973067f0-efe4-48bc-82f1-61b1d50c4bcc.jpg\" alt=\"\" width=\"1250\" height=\"1250\" srcset=\"https:\/\/www.swiss-baseball.ch\/wp-content\/uploads\/2024\/10\/973067f0-efe4-48bc-82f1-61b1d50c4bcc.jpg 1250w, https:\/\/www.swiss-baseball.ch\/wp-content\/uploads\/2024\/10\/973067f0-efe4-48bc-82f1-61b1d50c4bcc-300x300.jpg 300w, https:\/\/www.swiss-baseball.ch\/wp-content\/uploads\/2024\/10\/973067f0-efe4-48bc-82f1-61b1d50c4bcc-1024x1024.jpg 1024w, https:\/\/www.swiss-baseball.ch\/wp-content\/uploads\/2024\/10\/973067f0-efe4-48bc-82f1-61b1d50c4bcc-150x150.jpg 150w, https:\/\/www.swiss-baseball.ch\/wp-content\/uploads\/2024\/10\/973067f0-efe4-48bc-82f1-61b1d50c4bcc-768x768.jpg 768w\" sizes=\"auto, (max-width: 1250px) 100vw, 1250px\" \/> <img loading=\"lazy\" decoding=\"async\" class=\"alignnone size-full wp-image-3780\" src=\"https:\/\/www.swiss-baseball.ch\/wp-content\/uploads\/2024\/10\/IMG_8808.jpg\" alt=\"\" width=\"1152\" height=\"2048\" srcset=\"https:\/\/www.swiss-baseball.ch\/wp-content\/uploads\/2024\/10\/IMG_8808.jpg 1152w, https:\/\/www.swiss-baseball.ch\/wp-content\/uploads\/2024\/10\/IMG_8808-169x300.jpg 169w, https:\/\/www.swiss-baseball.ch\/wp-content\/uploads\/2024\/10\/IMG_8808-576x1024.jpg 576w, https:\/\/www.swiss-baseball.ch\/wp-content\/uploads\/2024\/10\/IMG_8808-768x1365.jpg 768w, https:\/\/www.swiss-baseball.ch\/wp-content\/uploads\/2024\/10\/IMG_8808-864x1536.jpg 864w\" sizes=\"auto, (max-width: 1152px) 100vw, 1152px\" \/><\/p>\n","protected":false},"excerpt":{"rendered":"<p>WBSC ePremier12 Europe Qualifier &#8211; Fibs.it Ren\u00e9 Merkli alias &lsquo;Boomer_77&rsquo; am 5. Oktober in Udine Italien im Bluenergy Stadion<\/p>\n","protected":false},"author":3,"featured_media":3783,"comment_status":"open","ping_status":"open","sticky":false,"template":"","format":"standard","meta":{"_acf_changed":false,"footnotes":""},"categories":[33],"tags":[],"class_list":["post-3785","post","type-post","status-publish","format-standard","has-post-thumbnail","hentry","category-non-classifiee"],"acf":[],"yoast_head":"<!-- This site is optimized with the Yoast SEO plugin v27.5 - https:\/\/yoast.com\/product\/yoast-seo-wordpress\/ -->\n<title>WBSC ePremier12 Europe Qualifier - SBSF | Swiss Baseball &amp; Softball Federation<\/title>\n<meta name=\"robots\" content=\"index, follow, max-snippet:-1, max-image-preview:large, max-video-preview:-1\" \/>\n<link rel=\"canonical\" href=\"https:\/\/www.swiss-baseball.ch\/fr\/news\/wbsc-epremier12-europe-qualifier\/\" \/>\n<meta property=\"og:locale\" content=\"fr_FR\" \/>\n<meta property=\"og:type\" content=\"article\" \/>\n<meta property=\"og:title\" content=\"WBSC ePremier12 Europe Qualifier - SBSF | Swiss Baseball &amp; Softball Federation\" \/>\n<meta property=\"og:description\" content=\"WBSC ePremier12 Europe Qualifier &#8211; Fibs.it Ren\u00e9 Merkli alias &lsquo;Boomer_77&rsquo; am 5. Oktober in Udine Italien im Bluenergy Stadion\" \/>\n<meta property=\"og:url\" content=\"https:\/\/www.swiss-baseball.ch\/fr\/news\/wbsc-epremier12-europe-qualifier\/\" \/>\n<meta property=\"og:site_name\" content=\"SBSF | Swiss Baseball &amp; Softball Federation\" \/>\n<meta property=\"article:published_time\" content=\"2024-10-03T20:48:16+00:00\" \/>\n<meta property=\"article:modified_time\" content=\"2024-10-03T20:49:32+00:00\" \/>\n<meta property=\"og:image\" content=\"https:\/\/www.swiss-baseball.ch\/wp-content\/uploads\/2024\/10\/IMG_8805.png\" \/>\n\t<meta property=\"og:image:width\" content=\"1022\" \/>\n\t<meta property=\"og:image:height\" content=\"616\" \/>\n\t<meta property=\"og:image:type\" content=\"image\/png\" \/>\n<meta name=\"author\" content=\"sebastian\" \/>\n<meta name=\"twitter:card\" content=\"summary_large_image\" \/>\n<meta name=\"twitter:label1\" content=\"\u00c9crit par\" \/>\n\t<meta name=\"twitter:data1\" content=\"sebastian\" \/>\n\t<meta name=\"twitter:label2\" content=\"Dur\u00e9e de lecture estim\u00e9e\" \/>\n\t<meta name=\"twitter:data2\" content=\"1 minute\" \/>\n<script type=\"application\/ld+json\" class=\"yoast-schema-graph\">{\"@context\":\"https:\\\/\\\/schema.org\",\"@graph\":[{\"@type\":\"Article\",\"@id\":\"https:\\\/\\\/www.swiss-baseball.ch\\\/fr\\\/news\\\/wbsc-epremier12-europe-qualifier\\\/#article\",\"isPartOf\":{\"@id\":\"https:\\\/\\\/www.swiss-baseball.ch\\\/fr\\\/news\\\/wbsc-epremier12-europe-qualifier\\\/\"},\"author\":{\"name\":\"sebastian\",\"@id\":\"https:\\\/\\\/www.swiss-baseball.ch\\\/fr\\\/#\\\/schema\\\/person\\\/b3cfaba2af47cf36c3cad00a04cdaf0e\"},\"headline\":\"WBSC ePremier12 Europe Qualifier\",\"datePublished\":\"2024-10-03T20:48:16+00:00\",\"dateModified\":\"2024-10-03T20:49:32+00:00\",\"mainEntityOfPage\":{\"@id\":\"https:\\\/\\\/www.swiss-baseball.ch\\\/fr\\\/news\\\/wbsc-epremier12-europe-qualifier\\\/\"},\"wordCount\":30,\"commentCount\":0,\"image\":{\"@id\":\"https:\\\/\\\/www.swiss-baseball.ch\\\/fr\\\/news\\\/wbsc-epremier12-europe-qualifier\\\/#primaryimage\"},\"thumbnailUrl\":\"https:\\\/\\\/www.swiss-baseball.ch\\\/wp-content\\\/uploads\\\/2024\\\/10\\\/IMG_8805.png\",\"articleSection\":[\"Events\"],\"inLanguage\":\"fr-FR\",\"potentialAction\":[{\"@type\":\"CommentAction\",\"name\":\"Comment\",\"target\":[\"https:\\\/\\\/www.swiss-baseball.ch\\\/fr\\\/news\\\/wbsc-epremier12-europe-qualifier\\\/#respond\"]}]},{\"@type\":\"WebPage\",\"@id\":\"https:\\\/\\\/www.swiss-baseball.ch\\\/fr\\\/news\\\/wbsc-epremier12-europe-qualifier\\\/\",\"url\":\"https:\\\/\\\/www.swiss-baseball.ch\\\/fr\\\/news\\\/wbsc-epremier12-europe-qualifier\\\/\",\"name\":\"WBSC ePremier12 Europe Qualifier - SBSF | Swiss Baseball &amp; Softball Federation\",\"isPartOf\":{\"@id\":\"https:\\\/\\\/www.swiss-baseball.ch\\\/fr\\\/#website\"},\"primaryImageOfPage\":{\"@id\":\"https:\\\/\\\/www.swiss-baseball.ch\\\/fr\\\/news\\\/wbsc-epremier12-europe-qualifier\\\/#primaryimage\"},\"image\":{\"@id\":\"https:\\\/\\\/www.swiss-baseball.ch\\\/fr\\\/news\\\/wbsc-epremier12-europe-qualifier\\\/#primaryimage\"},\"thumbnailUrl\":\"https:\\\/\\\/www.swiss-baseball.ch\\\/wp-content\\\/uploads\\\/2024\\\/10\\\/IMG_8805.png\",\"datePublished\":\"2024-10-03T20:48:16+00:00\",\"dateModified\":\"2024-10-03T20:49:32+00:00\",\"author\":{\"@id\":\"https:\\\/\\\/www.swiss-baseball.ch\\\/fr\\\/#\\\/schema\\\/person\\\/b3cfaba2af47cf36c3cad00a04cdaf0e\"},\"breadcrumb\":{\"@id\":\"https:\\\/\\\/www.swiss-baseball.ch\\\/fr\\\/news\\\/wbsc-epremier12-europe-qualifier\\\/#breadcrumb\"},\"inLanguage\":\"fr-FR\",\"potentialAction\":[{\"@type\":\"ReadAction\",\"target\":[\"https:\\\/\\\/www.swiss-baseball.ch\\\/fr\\\/news\\\/wbsc-epremier12-europe-qualifier\\\/\"]}]},{\"@type\":\"ImageObject\",\"inLanguage\":\"fr-FR\",\"@id\":\"https:\\\/\\\/www.swiss-baseball.ch\\\/fr\\\/news\\\/wbsc-epremier12-europe-qualifier\\\/#primaryimage\",\"url\":\"https:\\\/\\\/www.swiss-baseball.ch\\\/wp-content\\\/uploads\\\/2024\\\/10\\\/IMG_8805.png\",\"contentUrl\":\"https:\\\/\\\/www.swiss-baseball.ch\\\/wp-content\\\/uploads\\\/2024\\\/10\\\/IMG_8805.png\",\"width\":1022,\"height\":616},{\"@type\":\"BreadcrumbList\",\"@id\":\"https:\\\/\\\/www.swiss-baseball.ch\\\/fr\\\/news\\\/wbsc-epremier12-europe-qualifier\\\/#breadcrumb\",\"itemListElement\":[{\"@type\":\"ListItem\",\"position\":1,\"name\":\"Home\",\"item\":\"https:\\\/\\\/www.swiss-baseball.ch\\\/fr\\\/\"},{\"@type\":\"ListItem\",\"position\":2,\"name\":\"WBSC ePremier12 Europe Qualifier\"}]},{\"@type\":\"WebSite\",\"@id\":\"https:\\\/\\\/www.swiss-baseball.ch\\\/fr\\\/#website\",\"url\":\"https:\\\/\\\/www.swiss-baseball.ch\\\/fr\\\/\",\"name\":\"SBSF | Swiss Baseball &amp; Softball Federation\",\"description\":\"\",\"potentialAction\":[{\"@type\":\"SearchAction\",\"target\":{\"@type\":\"EntryPoint\",\"urlTemplate\":\"https:\\\/\\\/www.swiss-baseball.ch\\\/fr\\\/?s={search_term_string}\"},\"query-input\":{\"@type\":\"PropertyValueSpecification\",\"valueRequired\":true,\"valueName\":\"search_term_string\"}}],\"inLanguage\":\"fr-FR\"},{\"@type\":\"Person\",\"@id\":\"https:\\\/\\\/www.swiss-baseball.ch\\\/fr\\\/#\\\/schema\\\/person\\\/b3cfaba2af47cf36c3cad00a04cdaf0e\",\"name\":\"sebastian\",\"image\":{\"@type\":\"ImageObject\",\"inLanguage\":\"fr-FR\",\"@id\":\"https:\\\/\\\/secure.gravatar.com\\\/avatar\\\/7438428ffff3dc6f927232e4bec1a00a06b4fa42eabde4501fac556710b365d5?s=96&d=mm&r=g\",\"url\":\"https:\\\/\\\/secure.gravatar.com\\\/avatar\\\/7438428ffff3dc6f927232e4bec1a00a06b4fa42eabde4501fac556710b365d5?s=96&d=mm&r=g\",\"contentUrl\":\"https:\\\/\\\/secure.gravatar.com\\\/avatar\\\/7438428ffff3dc6f927232e4bec1a00a06b4fa42eabde4501fac556710b365d5?s=96&d=mm&r=g\",\"caption\":\"sebastian\"},\"url\":\"https:\\\/\\\/www.swiss-baseball.ch\\\/fr\\\/news\\\/author\\\/sebastian\\\/\"}]}<\/script>\n<!-- \/ Yoast SEO plugin. -->","yoast_head_json":{"title":"WBSC ePremier12 Europe Qualifier - SBSF | Swiss Baseball &amp; Softball Federation","robots":{"index":"index","follow":"follow","max-snippet":"max-snippet:-1","max-image-preview":"max-image-preview:large","max-video-preview":"max-video-preview:-1"},"canonical":"https:\/\/www.swiss-baseball.ch\/fr\/news\/wbsc-epremier12-europe-qualifier\/","og_locale":"fr_FR","og_type":"article","og_title":"WBSC ePremier12 Europe Qualifier - SBSF | Swiss Baseball &amp; Softball Federation","og_description":"WBSC ePremier12 Europe Qualifier &#8211; Fibs.it Ren\u00e9 Merkli alias &lsquo;Boomer_77&rsquo; am 5. Oktober in Udine Italien im Bluenergy Stadion","og_url":"https:\/\/www.swiss-baseball.ch\/fr\/news\/wbsc-epremier12-europe-qualifier\/","og_site_name":"SBSF | Swiss Baseball &amp; Softball Federation","article_published_time":"2024-10-03T20:48:16+00:00","article_modified_time":"2024-10-03T20:49:32+00:00","og_image":[{"width":1022,"height":616,"url":"https:\/\/www.swiss-baseball.ch\/wp-content\/uploads\/2024\/10\/IMG_8805.png","type":"image\/png"}],"author":"sebastian","twitter_card":"summary_large_image","twitter_misc":{"\u00c9crit par":"sebastian","Dur\u00e9e de lecture estim\u00e9e":"1 minute"},"schema":{"@context":"https:\/\/schema.org","@graph":[{"@type":"Article","@id":"https:\/\/www.swiss-baseball.ch\/fr\/news\/wbsc-epremier12-europe-qualifier\/#article","isPartOf":{"@id":"https:\/\/www.swiss-baseball.ch\/fr\/news\/wbsc-epremier12-europe-qualifier\/"},"author":{"name":"sebastian","@id":"https:\/\/www.swiss-baseball.ch\/fr\/#\/schema\/person\/b3cfaba2af47cf36c3cad00a04cdaf0e"},"headline":"WBSC ePremier12 Europe Qualifier","datePublished":"2024-10-03T20:48:16+00:00","dateModified":"2024-10-03T20:49:32+00:00","mainEntityOfPage":{"@id":"https:\/\/www.swiss-baseball.ch\/fr\/news\/wbsc-epremier12-europe-qualifier\/"},"wordCount":30,"commentCount":0,"image":{"@id":"https:\/\/www.swiss-baseball.ch\/fr\/news\/wbsc-epremier12-europe-qualifier\/#primaryimage"},"thumbnailUrl":"https:\/\/www.swiss-baseball.ch\/wp-content\/uploads\/2024\/10\/IMG_8805.png","articleSection":["Events"],"inLanguage":"fr-FR","potentialAction":[{"@type":"CommentAction","name":"Comment","target":["https:\/\/www.swiss-baseball.ch\/fr\/news\/wbsc-epremier12-europe-qualifier\/#respond"]}]},{"@type":"WebPage","@id":"https:\/\/www.swiss-baseball.ch\/fr\/news\/wbsc-epremier12-europe-qualifier\/","url":"https:\/\/www.swiss-baseball.ch\/fr\/news\/wbsc-epremier12-europe-qualifier\/","name":"WBSC ePremier12 Europe Qualifier - SBSF | Swiss Baseball &amp; Softball Federation","isPartOf":{"@id":"https:\/\/www.swiss-baseball.ch\/fr\/#website"},"primaryImageOfPage":{"@id":"https:\/\/www.swiss-baseball.ch\/fr\/news\/wbsc-epremier12-europe-qualifier\/#primaryimage"},"image":{"@id":"https:\/\/www.swiss-baseball.ch\/fr\/news\/wbsc-epremier12-europe-qualifier\/#primaryimage"},"thumbnailUrl":"https:\/\/www.swiss-baseball.ch\/wp-content\/uploads\/2024\/10\/IMG_8805.png","datePublished":"2024-10-03T20:48:16+00:00","dateModified":"2024-10-03T20:49:32+00:00","author":{"@id":"https:\/\/www.swiss-baseball.ch\/fr\/#\/schema\/person\/b3cfaba2af47cf36c3cad00a04cdaf0e"},"breadcrumb":{"@id":"https:\/\/www.swiss-baseball.ch\/fr\/news\/wbsc-epremier12-europe-qualifier\/#breadcrumb"},"inLanguage":"fr-FR","potentialAction":[{"@type":"ReadAction","target":["https:\/\/www.swiss-baseball.ch\/fr\/news\/wbsc-epremier12-europe-qualifier\/"]}]},{"@type":"ImageObject","inLanguage":"fr-FR","@id":"https:\/\/www.swiss-baseball.ch\/fr\/news\/wbsc-epremier12-europe-qualifier\/#primaryimage","url":"https:\/\/www.swiss-baseball.ch\/wp-content\/uploads\/2024\/10\/IMG_8805.png","contentUrl":"https:\/\/www.swiss-baseball.ch\/wp-content\/uploads\/2024\/10\/IMG_8805.png","width":1022,"height":616},{"@type":"BreadcrumbList","@id":"https:\/\/www.swiss-baseball.ch\/fr\/news\/wbsc-epremier12-europe-qualifier\/#breadcrumb","itemListElement":[{"@type":"ListItem","position":1,"name":"Home","item":"https:\/\/www.swiss-baseball.ch\/fr\/"},{"@type":"ListItem","position":2,"name":"WBSC ePremier12 Europe Qualifier"}]},{"@type":"WebSite","@id":"https:\/\/www.swiss-baseball.ch\/fr\/#website","url":"https:\/\/www.swiss-baseball.ch\/fr\/","name":"SBSF | Swiss Baseball &amp; Softball Federation","description":"","potentialAction":[{"@type":"SearchAction","target":{"@type":"EntryPoint","urlTemplate":"https:\/\/www.swiss-baseball.ch\/fr\/?s={search_term_string}"},"query-input":{"@type":"PropertyValueSpecification","valueRequired":true,"valueName":"search_term_string"}}],"inLanguage":"fr-FR"},{"@type":"Person","@id":"https:\/\/www.swiss-baseball.ch\/fr\/#\/schema\/person\/b3cfaba2af47cf36c3cad00a04cdaf0e","name":"sebastian","image":{"@type":"ImageObject","inLanguage":"fr-FR","@id":"https:\/\/secure.gravatar.com\/avatar\/7438428ffff3dc6f927232e4bec1a00a06b4fa42eabde4501fac556710b365d5?s=96&d=mm&r=g","url":"https:\/\/secure.gravatar.com\/avatar\/7438428ffff3dc6f927232e4bec1a00a06b4fa42eabde4501fac556710b365d5?s=96&d=mm&r=g","contentUrl":"https:\/\/secure.gravatar.com\/avatar\/7438428ffff3dc6f927232e4bec1a00a06b4fa42eabde4501fac556710b365d5?s=96&d=mm&r=g","caption":"sebastian"},"url":"https:\/\/www.swiss-baseball.ch\/fr\/news\/author\/sebastian\/"}]}},"_links":{"self":[{"href":"https:\/\/www.swiss-baseball.ch\/fr\/wp-json\/wp\/v2\/posts\/3785","targetHints":{"allow":["GET"]}}],"collection":[{"href":"https:\/\/www.swiss-baseball.ch\/fr\/wp-json\/wp\/v2\/posts"}],"about":[{"href":"https:\/\/www.swiss-baseball.ch\/fr\/wp-json\/wp\/v2\/types\/post"}],"author":[{"embeddable":true,"href":"https:\/\/www.swiss-baseball.ch\/fr\/wp-json\/wp\/v2\/users\/3"}],"replies":[{"embeddable":true,"href":"https:\/\/www.swiss-baseball.ch\/fr\/wp-json\/wp\/v2\/comments?post=3785"}],"version-history":[{"count":1,"href":"https:\/\/www.swiss-baseball.ch\/fr\/wp-json\/wp\/v2\/posts\/3785\/revisions"}],"predecessor-version":[{"id":3786,"href":"https:\/\/www.swiss-baseball.ch\/fr\/wp-json\/wp\/v2\/posts\/3785\/revisions\/3786"}],"wp:featuredmedia":[{"embeddable":true,"href":"https:\/\/www.swiss-baseball.ch\/fr\/wp-json\/wp\/v2\/media\/3783"}],"wp:attachment":[{"href":"https:\/\/www.swiss-baseball.ch\/fr\/wp-json\/wp\/v2\/media?parent=3785"}],"wp:term":[{"taxonomy":"category","embeddable":true,"href":"https:\/\/www.swiss-baseball.ch\/fr\/wp-json\/wp\/v2\/categories?post=3785"},{"taxonomy":"post_tag","embeddable":true,"href":"https:\/\/www.swiss-baseball.ch\/fr\/wp-json\/wp\/v2\/tags?post=3785"}],"curies":[{"name":"wp","href":"https:\/\/api.w.org\/{rel}","templated":true}]}}